{"id":4703,"date":"2017-01-27T08:02:39","date_gmt":"2017-01-27T11:02:39","guid":{"rendered":"http:\/\/www.muricionline.com.br\/novo\/?p=4703"},"modified":"2017-01-27T08:12:54","modified_gmt":"2017-01-27T11:12:54","slug":"cbf-aprova-campo-do-murici-para-a-copa-do-brasil-e-serie-d","status":"publish","type":"post","link":"http:\/\/www.muricionline.com.br\/novo\/?p=4703","title":{"rendered":"CBF aprova campo do Murici para a Copa do Brasil e S\u00e9rie D"},"content":{"rendered":"<p>&nbsp;<\/p>\n<p>O presidente do Conselho Deliberativo do Murici, Remi Calheiros, recebeu no final da manh\u00e3 desta quinta-feira,27, o engenheiro da CBF, Osmar Delboni Junior, que juntamente com o diretor geral da Federa\u00e7\u00e3o Alagoana de Futebol(FAF) Junior Beltr\u00e3o, inspecionaram o est\u00e1dio municipal Jos\u00e9 Gomes da Costa, para os jogos da S\u00e9rie D e Copa do Brasil.<\/p>\n<p>O dirigente do alviverde esteve acompanhado do Presidente do Executivo, Geraldo Amorim, do vice-presidente, Remi Filho, \u00c9der Correia, Edinaldo Lino, Anderson Batista, Jailson Col\u00e1cio e Anderson Morais, Secret\u00e1rio de Obras e Urbanismo do munic\u00edpio. Delboni visitou e elogiou as condi\u00e7\u00f5es estruturais do est\u00e1dio Jos\u00e9 Gomes da Costa, inaugurado em 1984, pelo ex-prefeito, Olavo Calheiros (in memoriam).<\/p>\n<p style=\"text-align: center;\"><a href=\"http:\/\/www.muricionline.com.br\/novo\/wp-content\/uploads\/2017\/01\/FB_IMG_1485597589311.jpg\"><img loading=\"lazy\" decoding=\"async\" class=\"aligncenter size-full wp-image-4706\" src=\"http:\/\/www.muricionline.com.br\/novo\/wp-content\/uploads\/2017\/01\/FB_IMG_1485597589311.jpg\" alt=\"\" width=\"960\" height=\"566\" srcset=\"http:\/\/www.muricionline.com.br\/novo\/wp-content\/uploads\/2017\/01\/FB_IMG_1485597589311.jpg 960w, http:\/\/www.muricionline.com.br\/novo\/wp-content\/uploads\/2017\/01\/FB_IMG_1485597589311-300x177.jpg 300w, http:\/\/www.muricionline.com.br\/novo\/wp-content\/uploads\/2017\/01\/FB_IMG_1485597589311-768x453.jpg 768w\" sizes=\"(max-width: 960px) 100vw, 960px\" \/><\/a><\/p>\n<p>&#8220;Considero as exig\u00eancias da CBF aqui no Jos\u00e9 Gomes da Costa, aprovadas, elas atendem requisitos que o laudo pede, estando apto para receber os jogadores, torcedores e imprensa na realiza\u00e7\u00e3o de jogos do campeonato alagoano, quanto da Copa do Brasil e S\u00e9rie D&#8221;, disse Delboni, perito da CBF.<\/p>\n<p><a href=\"http:\/\/www.muricionline.com.br\/novo\/wp-content\/uploads\/2017\/01\/FB_IMG_1485597584921-1.jpg\"><img loading=\"lazy\" decoding=\"async\" class=\"aligncenter size-full wp-image-4708\" src=\"http:\/\/www.muricionline.com.br\/novo\/wp-content\/uploads\/2017\/01\/FB_IMG_1485597584921-1.jpg\" alt=\"\" width=\"960\" height=\"540\" srcset=\"http:\/\/www.muricionline.com.br\/novo\/wp-content\/uploads\/2017\/01\/FB_IMG_1485597584921-1.jpg 960w, http:\/\/www.muricionline.com.br\/novo\/wp-content\/uploads\/2017\/01\/FB_IMG_1485597584921-1-300x169.jpg 300w, http:\/\/www.muricionline.com.br\/novo\/wp-content\/uploads\/2017\/01\/FB_IMG_1485597584921-1-768x432.jpg 768w\" sizes=\"(max-width: 960px) 100vw, 960px\" \/><\/a><\/p>\n<p>Para o ex-prefeito Remi Calheiros, &#8220;a libera\u00e7\u00e3o estrutural do Jos\u00e9 Gomes da Costa, representa o esfor\u00e7o de todos os dirigentes do clube, e sobretudo, a oportunidade que Murici ter\u00e1 em enfrentar um advers\u00e1rio dificil em fevereiro aqui em seus dom\u00ednios, que \u00e9 o time do Juventude-RS, em jogo v\u00e1lido pela Copa do Brasil, onde o Murici tem um projeto e uma miss\u00e3o a cumprir neste competi\u00e7\u00e3o. Estou muito feliz&#8221;, disse Remi Calheiros.<\/p>\n<p><a href=\"http:\/\/www.muricionline.com.br\/novo\/wp-content\/uploads\/2017\/01\/FB_IMG_1485597845123.jpg\"><img loading=\"lazy\" decoding=\"async\" class=\"aligncenter size-full wp-image-4709\" src=\"http:\/\/www.muricionline.com.br\/novo\/wp-content\/uploads\/2017\/01\/FB_IMG_1485597845123.jpg\" alt=\"\" width=\"960\" height=\"640\" srcset=\"http:\/\/www.muricionline.com.br\/novo\/wp-content\/uploads\/2017\/01\/FB_IMG_1485597845123.jpg 960w, http:\/\/www.muricionline.com.br\/novo\/wp-content\/uploads\/2017\/01\/FB_IMG_1485597845123-300x200.jpg 300w, http:\/\/www.muricionline.com.br\/novo\/wp-content\/uploads\/2017\/01\/FB_IMG_1485597845123-768x512.jpg 768w\" sizes=\"(max-width: 960px) 100vw, 960px\" \/><\/a><\/p>\n<p>Em seguida, Osmar Delboni, Junior Beltr\u00e3o e diretores do Murici Futebol Clube foram recebidos pelo prefeito, Olavo Neto, em seu gabinete de trabalho, numa visita de cortesia da CBF-FAF com o dirigente municipal.<\/p>\n<p>&nbsp;<\/p>\n<p>Com informa\u00e7\u00f5es de Ivan Nunes<\/p>\n<p>Fotos Jailson Colacio<\/p>\n<span style=\"clear:both;display:none;\"><img src=\"http:\/\/www.muricionline.com.br\/novo\/wp-content\/plugins\/wp-spamfree\/img\/wpsf-img.php\" width=\"0\" height=\"0\" alt=\"\" style=\"border-style:none;width:0px;height:0px;display:none;\" \/><\/span>","protected":false},"excerpt":{"rendered":"<p>&nbsp; O presidente do Conselho Deliberativo do Murici, Remi Calheiros, recebeu no final da manh\u00e3 desta quinta-feira,27, o engenheiro da CBF, Osmar Delboni Junior, que juntamente com o diretor geral da Federa\u00e7\u00e3o Alagoana de Futebol(FAF) Junior Beltr\u00e3o, inspecionaram o est\u00e1dio municipal Jos\u00e9 Gomes da Costa, para os jogos da S\u00e9rie D e Copa do Brasil&#8230;.<\/p>\n","protected":false},"author":1,"featured_media":4704,"comment_status":"open","ping_status":"open","sticky":false,"template":"","format":"standard","meta":{"footnotes":""},"categories":[9],"tags":[5],"_links":{"self":[{"href":"http:\/\/www.muricionline.com.br\/novo\/index.php?rest_route=\/wp\/v2\/posts\/4703"}],"collection":[{"href":"http:\/\/www.muricionline.com.br\/novo\/index.php?rest_route=\/wp\/v2\/posts"}],"about":[{"href":"http:\/\/www.muricionline.com.br\/novo\/index.php?rest_route=\/wp\/v2\/types\/post"}],"author":[{"embeddable":true,"href":"http:\/\/www.muricionline.com.br\/novo\/index.php?rest_route=\/wp\/v2\/users\/1"}],"replies":[{"embeddable":true,"href":"http:\/\/www.muricionline.com.br\/novo\/index.php?rest_route=%2Fwp%2Fv2%2Fcomments&post=4703"}],"version-history":[{"count":4,"href":"http:\/\/www.muricionline.com.br\/novo\/index.php?rest_route=\/wp\/v2\/posts\/4703\/revisions"}],"predecessor-version":[{"id":4711,"href":"http:\/\/www.muricionline.com.br\/novo\/index.php?rest_route=\/wp\/v2\/posts\/4703\/revisions\/4711"}],"wp:featuredmedia":[{"embeddable":true,"href":"http:\/\/www.muricionline.com.br\/novo\/index.php?rest_route=\/wp\/v2\/media\/4704"}],"wp:attachment":[{"href":"http:\/\/www.muricionline.com.br\/novo\/index.php?rest_route=%2Fwp%2Fv2%2Fmedia&parent=4703"}],"wp:term":[{"taxonomy":"category","embeddable":true,"href":"http:\/\/www.muricionline.com.br\/novo\/index.php?rest_route=%2Fwp%2Fv2%2Fcategories&post=4703"},{"taxonomy":"post_tag","embeddable":true,"href":"http:\/\/www.muricionline.com.br\/novo\/index.php?rest_route=%2Fwp%2Fv2%2Ftags&post=4703"}],"curies":[{"name":"wp","href":"https:\/\/api.w.org\/{rel}","templated":true}]}}