{"id":4717,"date":"2017-01-27T12:51:10","date_gmt":"2017-01-27T15:51:10","guid":{"rendered":"http:\/\/www.muricionline.com.br\/novo\/?p=4717"},"modified":"2017-01-27T12:51:10","modified_gmt":"2017-01-27T15:51:10","slug":"primeira-edicao-de-2017-do-dia-d-do-governo-presente-chega-a-uniao-dos-palmares-em-fevereiro","status":"publish","type":"post","link":"http:\/\/www.muricionline.com.br\/novo\/?p=4717","title":{"rendered":"Primeira edi\u00e7\u00e3o de 2017 do Dia D do Governo Presente chega a Uni\u00e3o dos Palmares em fevereiro"},"content":{"rendered":"<p>&nbsp;<\/p>\n<p>Popula\u00e7\u00e3o receber\u00e1 diversas a\u00e7\u00f5es de cidadania que reafirmam compromisso do Estado com o cidad\u00e3o<br \/>\nCom o intuito de reafirmar o compromisso de levar dignidade \u00e0 popula\u00e7\u00e3o de Alagoas, o Governo do Estado, coordenado pelo Gabinete Civil, realizar\u00e1 a primeira edi\u00e7\u00e3o do Dia D Governo Presente deste ano, em Uni\u00e3o dos Palmares, no dia 7 de fevereiro.<\/p>\n<p>A popula\u00e7\u00e3o receber\u00e1 a\u00e7\u00f5es das secretarias de Estado da Mulher, da Assist\u00eancia e Desenvolvimento Social, Sa\u00fade, Agricultura, Transporte e Desenvolvimento Urbano, Meio Ambiente e Recursos H\u00eddricos, Trabalho, e de Esporte e Lazer, al\u00e9m do Instituto de Identifica\u00e7\u00e3o.<\/p>\n<p>Um dos destaques desta edi\u00e7\u00e3o \u00e9 o exame de aquidade visual realizado pela Secretaria de Sa\u00fade numa comunidade quilombola. O Dia D Governo Presente \u00e9 coordenado pelo Gabinete Civil, em parceria com outras secretarias e \u00f3rg\u00e3os da administra\u00e7\u00e3o direta e indireta do Estado.<\/p>\n<p>Para o secret\u00e1rio-chefe da pasta, F\u00e1bio Farias, as a\u00e7\u00f5es s\u00e3o pautadas pela cidadania e proximidade.<\/p>\n<p>\u201cAl\u00e9m de oferecermos servi\u00e7os durante as edi\u00e7\u00f5es do Dia D, ao irmos para o interior de Alagoas, passamos a conhecer mais a realidade de cada regi\u00e3o. Com o governo mais pr\u00f3ximo da sociedade, os anseios da popula\u00e7\u00e3o s\u00e3o atendidos mais facilmente e ficamos no caminho de construir uma nova Alagoas\u201d, afirmou Farias.<\/p>\n<p>&nbsp;<\/p>\n<p>Com Agencia Alagoas<br \/>\nFoto de Neno Canuto<\/p>\n<span style=\"clear:both;display:none;\"><img src=\"http:\/\/www.muricionline.com.br\/novo\/wp-content\/plugins\/wp-spamfree\/img\/wpsf-img.php\" width=\"0\" height=\"0\" alt=\"\" style=\"border-style:none;width:0px;height:0px;display:none;\" \/><\/span>","protected":false},"excerpt":{"rendered":"<p>&nbsp; Popula\u00e7\u00e3o receber\u00e1 diversas a\u00e7\u00f5es de cidadania que reafirmam compromisso do Estado com o cidad\u00e3o Com o intuito de reafirmar o compromisso de levar dignidade \u00e0 popula\u00e7\u00e3o de Alagoas, o Governo do Estado, coordenado pelo Gabinete Civil, realizar\u00e1 a primeira edi\u00e7\u00e3o do Dia D Governo Presente deste ano, em Uni\u00e3o dos Palmares, no dia 7&#8230;<\/p>\n","protected":false},"author":1,"featured_media":4718,"comment_status":"open","ping_status":"open","sticky":false,"template":"","format":"standard","meta":{"footnotes":""},"categories":[1],"tags":[5],"_links":{"self":[{"href":"http:\/\/www.muricionline.com.br\/novo\/index.php?rest_route=\/wp\/v2\/posts\/4717"}],"collection":[{"href":"http:\/\/www.muricionline.com.br\/novo\/index.php?rest_route=\/wp\/v2\/posts"}],"about":[{"href":"http:\/\/www.muricionline.com.br\/novo\/index.php?rest_route=\/wp\/v2\/types\/post"}],"author":[{"embeddable":true,"href":"http:\/\/www.muricionline.com.br\/novo\/index.php?rest_route=\/wp\/v2\/users\/1"}],"replies":[{"embeddable":true,"href":"http:\/\/www.muricionline.com.br\/novo\/index.php?rest_route=%2Fwp%2Fv2%2Fcomments&post=4717"}],"version-history":[{"count":1,"href":"http:\/\/www.muricionline.com.br\/novo\/index.php?rest_route=\/wp\/v2\/posts\/4717\/revisions"}],"predecessor-version":[{"id":4719,"href":"http:\/\/www.muricionline.com.br\/novo\/index.php?rest_route=\/wp\/v2\/posts\/4717\/revisions\/4719"}],"wp:featuredmedia":[{"embeddable":true,"href":"http:\/\/www.muricionline.com.br\/novo\/index.php?rest_route=\/wp\/v2\/media\/4718"}],"wp:attachment":[{"href":"http:\/\/www.muricionline.com.br\/novo\/index.php?rest_route=%2Fwp%2Fv2%2Fmedia&parent=4717"}],"wp:term":[{"taxonomy":"category","embeddable":true,"href":"http:\/\/www.muricionline.com.br\/novo\/index.php?rest_route=%2Fwp%2Fv2%2Fcategories&post=4717"},{"taxonomy":"post_tag","embeddable":true,"href":"http:\/\/www.muricionline.com.br\/novo\/index.php?rest_route=%2Fwp%2Fv2%2Ftags&post=4717"}],"curies":[{"name":"wp","href":"https:\/\/api.w.org\/{rel}","templated":true}]}}