{"id":4720,"date":"2017-01-27T15:40:30","date_gmt":"2017-01-27T18:40:30","guid":{"rendered":"http:\/\/www.muricionline.com.br\/novo\/?p=4720"},"modified":"2017-01-27T15:53:42","modified_gmt":"2017-01-27T18:53:42","slug":"olavo-neto-divulga-a-programacao-social-da-festa-de-nossa-senhora-da-graca-2017","status":"publish","type":"post","link":"http:\/\/www.muricionline.com.br\/novo\/?p=4720","title":{"rendered":"Olavo Neto divulga a programa\u00e7\u00e3o social da Festa de Nossa Senhora da Gra\u00e7a 2017."},"content":{"rendered":"<p>&nbsp;<\/p>\n<p>A programa\u00e7\u00e3o social dos festejos em homenagem a Nossa Senhora da Gra\u00e7a, foi oficialmente anunciada pelo prefeito Olavo Neto, nesta sexta-feira.<\/p>\n<p>A parte social dos festejos em homenagem a padroeira do munic\u00edpio tem inicio nesta sexta-feira, dia 27\/01, com o tradicional SHOW DE CALOUROS, e as apresenta\u00e7\u00f5es dos Cantores, Wesley Medeiros e Laelson Aboiador. J\u00e1 no s\u00e1bado, dia 28\/01, a festa tem sequ\u00eancia com a Cantora Rafaela Ten\u00f3rio, Garota Sertaneja e o grupo de pagode Njeito. Encerrando os festejos no domingo, 29\/01, as atra\u00e7\u00f5es na Pra\u00e7a Vig\u00e1rio Jos\u00e9 Roberto ficam por conta de Rafael &amp; Gabriel, Forroz\u00e3o das Antigas e Jeffinho e Banda.<\/p>\n<p>&nbsp;<\/p>\n<p>Programa\u00e7\u00e3o:<\/p>\n<p>SEXTA 27\/01<\/p>\n<p>Show de Calouros<br \/>\nWesley Medeiros<br \/>\nLaelson Aboiador<\/p>\n<p>S\u00c1BADO 28\/01<\/p>\n<p>Rafaela Ten\u00f3rio<br \/>\nGarotaSertaneja<br \/>\nNjeitos<\/p>\n<p>DOMINGO 29\/01<\/p>\n<p>Rafael e Gabriel<br \/>\nForroz\u00e3o das Antigas<br \/>\nJeffinho e Banda<\/p>\n<span style=\"clear:both;display:none;\"><img src=\"http:\/\/www.muricionline.com.br\/novo\/wp-content\/plugins\/wp-spamfree\/img\/wpsf-img.php\" width=\"0\" height=\"0\" alt=\"\" style=\"border-style:none;width:0px;height:0px;display:none;\" \/><\/span>","protected":false},"excerpt":{"rendered":"<p>&nbsp; A programa\u00e7\u00e3o social dos festejos em homenagem a Nossa Senhora da Gra\u00e7a, foi oficialmente anunciada pelo prefeito Olavo Neto, nesta sexta-feira. A parte social dos festejos em homenagem a padroeira do munic\u00edpio tem inicio nesta sexta-feira, dia 27\/01, com o tradicional SHOW DE CALOUROS, e as apresenta\u00e7\u00f5es dos Cantores, Wesley Medeiros e Laelson Aboiador&#8230;.<\/p>\n","protected":false},"author":1,"featured_media":4721,"comment_status":"open","ping_status":"open","sticky":false,"template":"","format":"standard","meta":{"footnotes":""},"categories":[7,1],"tags":[5],"_links":{"self":[{"href":"http:\/\/www.muricionline.com.br\/novo\/index.php?rest_route=\/wp\/v2\/posts\/4720"}],"collection":[{"href":"http:\/\/www.muricionline.com.br\/novo\/index.php?rest_route=\/wp\/v2\/posts"}],"about":[{"href":"http:\/\/www.muricionline.com.br\/novo\/index.php?rest_route=\/wp\/v2\/types\/post"}],"author":[{"embeddable":true,"href":"http:\/\/www.muricionline.com.br\/novo\/index.php?rest_route=\/wp\/v2\/users\/1"}],"replies":[{"embeddable":true,"href":"http:\/\/www.muricionline.com.br\/novo\/index.php?rest_route=%2Fwp%2Fv2%2Fcomments&post=4720"}],"version-history":[{"count":3,"href":"http:\/\/www.muricionline.com.br\/novo\/index.php?rest_route=\/wp\/v2\/posts\/4720\/revisions"}],"predecessor-version":[{"id":4724,"href":"http:\/\/www.muricionline.com.br\/novo\/index.php?rest_route=\/wp\/v2\/posts\/4720\/revisions\/4724"}],"wp:featuredmedia":[{"embeddable":true,"href":"http:\/\/www.muricionline.com.br\/novo\/index.php?rest_route=\/wp\/v2\/media\/4721"}],"wp:attachment":[{"href":"http:\/\/www.muricionline.com.br\/novo\/index.php?rest_route=%2Fwp%2Fv2%2Fmedia&parent=4720"}],"wp:term":[{"taxonomy":"category","embeddable":true,"href":"http:\/\/www.muricionline.com.br\/novo\/index.php?rest_route=%2Fwp%2Fv2%2Fcategories&post=4720"},{"taxonomy":"post_tag","embeddable":true,"href":"http:\/\/www.muricionline.com.br\/novo\/index.php?rest_route=%2Fwp%2Fv2%2Ftags&post=4720"}],"curies":[{"name":"wp","href":"https:\/\/api.w.org\/{rel}","templated":true}]}}