{"id":4741,"date":"2017-01-30T12:06:19","date_gmt":"2017-01-30T15:06:19","guid":{"rendered":"http:\/\/www.muricionline.com.br\/novo\/?p=4741"},"modified":"2017-01-30T15:04:35","modified_gmt":"2017-01-30T18:04:35","slug":"parte-social-da-festa-da-padroira-chega-ao-fim-com-cavalhada-e-recorde-de-publico","status":"publish","type":"post","link":"http:\/\/www.muricionline.com.br\/novo\/?p=4741","title":{"rendered":"Parte social da festa da padroeira chega ao fim com cavalhada e recorde de p\u00fablico"},"content":{"rendered":"<p>&nbsp;<\/p>\n<p>Muita alegria, organiza\u00e7\u00e3o e seguran\u00e7a, podem descrever a parte social da festa em homenagem a Nossa Senhora da Gra\u00e7a, Padroeira de Murici.<\/p>\n<p>Durante os \u00faltimos tr\u00eas dias, a parte social dos festejos a padroeira dos murienses contou com cavalhadas e grandes shows musicais, reunindo milhares de pessoas na Pra\u00e7a da Igreja Matriz.<\/p>\n<p>&nbsp;<\/p>\n<p>Al\u00e9m da tradicional Cavalhada, que contou com &nbsp;participa\u00e7\u00e3o de 18 cavaleiros, o ponto alto deste domingo, foram os shows da dupla sertaneja Rafael &amp; Gabriel, do Cantor Jeffinho e da banda Forroz\u00e3o das Antigas, que encerrou com chave de ouro os festejos.<\/p>\n<p>\u201cEstamos todos de parab\u00e9ns, foi uma festa linda, cheia de alegria e paz\u201d. Frisou o prefeito Olavo Neto, que juntamente com o vice &#8211; prefeito Deivinho Vasconcelos e do ex. prefeito Remi Calheiros, prestigiou o evento.<\/p>\n<span style=\"clear:both;display:none;\"><img src=\"http:\/\/www.muricionline.com.br\/novo\/wp-content\/plugins\/wp-spamfree\/img\/wpsf-img.php\" width=\"0\" height=\"0\" alt=\"\" style=\"border-style:none;width:0px;height:0px;display:none;\" \/><\/span>","protected":false},"excerpt":{"rendered":"<p>&nbsp; Muita alegria, organiza\u00e7\u00e3o e seguran\u00e7a, podem descrever a parte social da festa em homenagem a Nossa Senhora da Gra\u00e7a, Padroeira de Murici. Durante os \u00faltimos tr\u00eas dias, a parte social dos festejos a padroeira dos murienses contou com cavalhadas e grandes shows musicais, reunindo milhares de pessoas na Pra\u00e7a da Igreja Matriz. &nbsp; Al\u00e9m&#8230;<\/p>\n","protected":false},"author":1,"featured_media":4747,"comment_status":"open","ping_status":"open","sticky":false,"template":"","format":"standard","meta":{"footnotes":""},"categories":[1],"tags":[5],"_links":{"self":[{"href":"http:\/\/www.muricionline.com.br\/novo\/index.php?rest_route=\/wp\/v2\/posts\/4741"}],"collection":[{"href":"http:\/\/www.muricionline.com.br\/novo\/index.php?rest_route=\/wp\/v2\/posts"}],"about":[{"href":"http:\/\/www.muricionline.com.br\/novo\/index.php?rest_route=\/wp\/v2\/types\/post"}],"author":[{"embeddable":true,"href":"http:\/\/www.muricionline.com.br\/novo\/index.php?rest_route=\/wp\/v2\/users\/1"}],"replies":[{"embeddable":true,"href":"http:\/\/www.muricionline.com.br\/novo\/index.php?rest_route=%2Fwp%2Fv2%2Fcomments&post=4741"}],"version-history":[{"count":4,"href":"http:\/\/www.muricionline.com.br\/novo\/index.php?rest_route=\/wp\/v2\/posts\/4741\/revisions"}],"predecessor-version":[{"id":4748,"href":"http:\/\/www.muricionline.com.br\/novo\/index.php?rest_route=\/wp\/v2\/posts\/4741\/revisions\/4748"}],"wp:featuredmedia":[{"embeddable":true,"href":"http:\/\/www.muricionline.com.br\/novo\/index.php?rest_route=\/wp\/v2\/media\/4747"}],"wp:attachment":[{"href":"http:\/\/www.muricionline.com.br\/novo\/index.php?rest_route=%2Fwp%2Fv2%2Fmedia&parent=4741"}],"wp:term":[{"taxonomy":"category","embeddable":true,"href":"http:\/\/www.muricionline.com.br\/novo\/index.php?rest_route=%2Fwp%2Fv2%2Fcategories&post=4741"},{"taxonomy":"post_tag","embeddable":true,"href":"http:\/\/www.muricionline.com.br\/novo\/index.php?rest_route=%2Fwp%2Fv2%2Ftags&post=4741"}],"curies":[{"name":"wp","href":"https:\/\/api.w.org\/{rel}","templated":true}]}}