{"id":4997,"date":"2017-02-25T08:58:02","date_gmt":"2017-02-25T11:58:02","guid":{"rendered":"http:\/\/www.muricionline.com.br\/novo\/?p=4997"},"modified":"2017-02-25T08:58:02","modified_gmt":"2017-02-25T11:58:02","slug":"uh-papai-chegou-empolga-folioes-no-primeiro-dia-do-bloco-em-murici","status":"publish","type":"post","link":"http:\/\/www.muricionline.com.br\/novo\/?p=4997","title":{"rendered":"Uh! Papai Chegou empolga foli\u00f5es no primeiro dia do bloco em Murici"},"content":{"rendered":"<p>&nbsp;<\/p>\n<p>O Bloco o Papai Chegou agitou a galera. O desfile do bloco reuniu um \u00f3timo p\u00fablico na noite desta sexta-feira (23). A escultura montada no Espa\u00e7o Liverpool, encantou os foli\u00f5es que foram prestigiar a festa.<\/p>\n<p><a href=\"http:\/\/www.muricionline.com.br\/novo\/wp-content\/uploads\/2017\/02\/FB_IMG_1488023699241.jpg\"><img loading=\"lazy\" decoding=\"async\" class=\"aligncenter size-full wp-image-4999\" src=\"http:\/\/www.muricionline.com.br\/novo\/wp-content\/uploads\/2017\/02\/FB_IMG_1488023699241.jpg\" alt=\"\" width=\"960\" height=\"640\" srcset=\"http:\/\/www.muricionline.com.br\/novo\/wp-content\/uploads\/2017\/02\/FB_IMG_1488023699241.jpg 960w, http:\/\/www.muricionline.com.br\/novo\/wp-content\/uploads\/2017\/02\/FB_IMG_1488023699241-300x200.jpg 300w, http:\/\/www.muricionline.com.br\/novo\/wp-content\/uploads\/2017\/02\/FB_IMG_1488023699241-768x512.jpg 768w\" sizes=\"(max-width: 960px) 100vw, 960px\" \/><\/a><br \/>\nA concentra\u00e7\u00e3o come\u00e7ou \u00e0s 21h na Pra\u00e7a de Santa Teresa, ao som de alguns &#8220;Pared\u00f5es&#8221; e muita alegria. O percurso come\u00e7ou na Avenida Presidente Vargas, passou pela Pra\u00e7a Padre C\u00edcero e seguiu para o Espa\u00e7o Liverpool, para o show o Dj Leo Haick e o cantor Jeffinho e Banda.<\/p>\n<p><a href=\"http:\/\/www.muricionline.com.br\/novo\/wp-content\/uploads\/2017\/02\/FB_IMG_1488023702989.jpg\"><img loading=\"lazy\" decoding=\"async\" class=\"aligncenter size-full wp-image-5000\" src=\"http:\/\/www.muricionline.com.br\/novo\/wp-content\/uploads\/2017\/02\/FB_IMG_1488023702989.jpg\" alt=\"\" width=\"960\" height=\"662\" srcset=\"http:\/\/www.muricionline.com.br\/novo\/wp-content\/uploads\/2017\/02\/FB_IMG_1488023702989.jpg 960w, http:\/\/www.muricionline.com.br\/novo\/wp-content\/uploads\/2017\/02\/FB_IMG_1488023702989-300x207.jpg 300w, http:\/\/www.muricionline.com.br\/novo\/wp-content\/uploads\/2017\/02\/FB_IMG_1488023702989-768x530.jpg 768w\" sizes=\"(max-width: 960px) 100vw, 960px\" \/><\/a>\u00f1<br \/>\nO bloco volta as ruas neste s\u00e1bado, 24, a partir das 21hs.<\/p>\n<span style=\"clear:both;display:none;\"><img src=\"http:\/\/www.muricionline.com.br\/novo\/wp-content\/plugins\/wp-spamfree\/img\/wpsf-img.php\" width=\"0\" height=\"0\" alt=\"\" style=\"border-style:none;width:0px;height:0px;display:none;\" \/><\/span>","protected":false},"excerpt":{"rendered":"<p>&nbsp; O Bloco o Papai Chegou agitou a galera. O desfile do bloco reuniu um \u00f3timo p\u00fablico na noite desta sexta-feira (23). A escultura montada no Espa\u00e7o Liverpool, encantou os foli\u00f5es que foram prestigiar a festa. A concentra\u00e7\u00e3o come\u00e7ou \u00e0s 21h na Pra\u00e7a de Santa Teresa, ao som de alguns &#8220;Pared\u00f5es&#8221; e muita alegria. O&#8230;<\/p>\n","protected":false},"author":1,"featured_media":4998,"comment_status":"open","ping_status":"open","sticky":false,"template":"","format":"standard","meta":{"footnotes":""},"categories":[1],"tags":[5],"_links":{"self":[{"href":"http:\/\/www.muricionline.com.br\/novo\/index.php?rest_route=\/wp\/v2\/posts\/4997"}],"collection":[{"href":"http:\/\/www.muricionline.com.br\/novo\/index.php?rest_route=\/wp\/v2\/posts"}],"about":[{"href":"http:\/\/www.muricionline.com.br\/novo\/index.php?rest_route=\/wp\/v2\/types\/post"}],"author":[{"embeddable":true,"href":"http:\/\/www.muricionline.com.br\/novo\/index.php?rest_route=\/wp\/v2\/users\/1"}],"replies":[{"embeddable":true,"href":"http:\/\/www.muricionline.com.br\/novo\/index.php?rest_route=%2Fwp%2Fv2%2Fcomments&post=4997"}],"version-history":[{"count":1,"href":"http:\/\/www.muricionline.com.br\/novo\/index.php?rest_route=\/wp\/v2\/posts\/4997\/revisions"}],"predecessor-version":[{"id":5001,"href":"http:\/\/www.muricionline.com.br\/novo\/index.php?rest_route=\/wp\/v2\/posts\/4997\/revisions\/5001"}],"wp:featuredmedia":[{"embeddable":true,"href":"http:\/\/www.muricionline.com.br\/novo\/index.php?rest_route=\/wp\/v2\/media\/4998"}],"wp:attachment":[{"href":"http:\/\/www.muricionline.com.br\/novo\/index.php?rest_route=%2Fwp%2Fv2%2Fmedia&parent=4997"}],"wp:term":[{"taxonomy":"category","embeddable":true,"href":"http:\/\/www.muricionline.com.br\/novo\/index.php?rest_route=%2Fwp%2Fv2%2Fcategories&post=4997"},{"taxonomy":"post_tag","embeddable":true,"href":"http:\/\/www.muricionline.com.br\/novo\/index.php?rest_route=%2Fwp%2Fv2%2Ftags&post=4997"}],"curies":[{"name":"wp","href":"https:\/\/api.w.org\/{rel}","templated":true}]}}