{"id":5002,"date":"2017-02-26T08:38:39","date_gmt":"2017-02-26T11:38:39","guid":{"rendered":"http:\/\/www.muricionline.com.br\/novo\/?p=5002"},"modified":"2017-02-26T08:38:39","modified_gmt":"2017-02-26T11:38:39","slug":"rei-momo-recebe-chave-da-cidade-e-abre-oficialmente-carnaval-de-murici","status":"publish","type":"post","link":"http:\/\/www.muricionline.com.br\/novo\/?p=5002","title":{"rendered":"Rei Momo recebe chave da cidade e abre oficialmente carnaval de Murici"},"content":{"rendered":"<p>&nbsp;<\/p>\n<p>&#8220;J\u00e1 \u00e9 carnaval em Murici&#8221;. O decreto foi dado na noite de ontem pelo prefeito Olavo Neto ao entregar simbolicamente a chave do munic\u00edpio para o Rei e Rainha do Carnaval. O ato marcou oficialmente o in\u00edcio do carnaval.<\/p>\n<p><a href=\"http:\/\/www.muricionline.com.br\/novo\/wp-content\/uploads\/2017\/02\/FB_IMG_1488108661225.jpg\"><img loading=\"lazy\" decoding=\"async\" class=\"aligncenter size-full wp-image-5004\" src=\"http:\/\/www.muricionline.com.br\/novo\/wp-content\/uploads\/2017\/02\/FB_IMG_1488108661225.jpg\" alt=\"\" width=\"960\" height=\"611\" srcset=\"http:\/\/www.muricionline.com.br\/novo\/wp-content\/uploads\/2017\/02\/FB_IMG_1488108661225.jpg 960w, http:\/\/www.muricionline.com.br\/novo\/wp-content\/uploads\/2017\/02\/FB_IMG_1488108661225-300x191.jpg 300w, http:\/\/www.muricionline.com.br\/novo\/wp-content\/uploads\/2017\/02\/FB_IMG_1488108661225-768x489.jpg 768w\" sizes=\"(max-width: 960px) 100vw, 960px\" \/><\/a><\/p>\n<p>A entrega das chaves da cidade aconteceu na Pra\u00e7a Padre C\u00edcero logo ap\u00f3s a apresenta\u00e7\u00e3o da banda Bora Bora por volta das 23h30.<\/p>\n<p><a href=\"http:\/\/www.muricionline.com.br\/novo\/wp-content\/uploads\/2017\/02\/FB_IMG_1488108669879.jpg\"><img loading=\"lazy\" decoding=\"async\" class=\"aligncenter size-full wp-image-5005\" src=\"http:\/\/www.muricionline.com.br\/novo\/wp-content\/uploads\/2017\/02\/FB_IMG_1488108669879.jpg\" alt=\"\" width=\"960\" height=\"668\" srcset=\"http:\/\/www.muricionline.com.br\/novo\/wp-content\/uploads\/2017\/02\/FB_IMG_1488108669879.jpg 960w, http:\/\/www.muricionline.com.br\/novo\/wp-content\/uploads\/2017\/02\/FB_IMG_1488108669879-300x209.jpg 300w, http:\/\/www.muricionline.com.br\/novo\/wp-content\/uploads\/2017\/02\/FB_IMG_1488108669879-768x534.jpg 768w, http:\/\/www.muricionline.com.br\/novo\/wp-content\/uploads\/2017\/02\/FB_IMG_1488108669879-320x224.jpg 320w\" sizes=\"(max-width: 960px) 100vw, 960px\" \/><\/a><\/p>\n<p>Durante a cerim\u00f4nia, o prefeito Olavo Neto, acompanhado pelo ex-prefeito prefeito, Remi Calheiros, destacou a programa\u00e7\u00e3o do carnaval para os foli\u00f5es e aproveitou para pedir paz durante os blocos. &#8220;Esperamos muita alegria e muita paz, disse.<\/p>\n<p><a href=\"http:\/\/www.muricionline.com.br\/novo\/wp-content\/uploads\/2017\/02\/FB_IMG_1488108681326.jpg\"><img loading=\"lazy\" decoding=\"async\" class=\"aligncenter size-full wp-image-5006\" src=\"http:\/\/www.muricionline.com.br\/novo\/wp-content\/uploads\/2017\/02\/FB_IMG_1488108681326.jpg\" alt=\"\" width=\"657\" height=\"960\" srcset=\"http:\/\/www.muricionline.com.br\/novo\/wp-content\/uploads\/2017\/02\/FB_IMG_1488108681326.jpg 657w, http:\/\/www.muricionline.com.br\/novo\/wp-content\/uploads\/2017\/02\/FB_IMG_1488108681326-205x300.jpg 205w\" sizes=\"(max-width: 657px) 100vw, 657px\" \/><\/a><br \/>\nA festa segue neste domingo, a partir das 14hs, com o desfile do Bloco das Kengas.<\/p>\n<p><a href=\"http:\/\/www.muricionline.com.br\/novo\/wp-content\/uploads\/2017\/02\/FB_IMG_1488108676434.jpg\"><img loading=\"lazy\" decoding=\"async\" class=\"aligncenter size-full wp-image-5007\" src=\"http:\/\/www.muricionline.com.br\/novo\/wp-content\/uploads\/2017\/02\/FB_IMG_1488108676434.jpg\" alt=\"\" width=\"960\" height=\"640\" srcset=\"http:\/\/www.muricionline.com.br\/novo\/wp-content\/uploads\/2017\/02\/FB_IMG_1488108676434.jpg 960w, http:\/\/www.muricionline.com.br\/novo\/wp-content\/uploads\/2017\/02\/FB_IMG_1488108676434-300x200.jpg 300w, http:\/\/www.muricionline.com.br\/novo\/wp-content\/uploads\/2017\/02\/FB_IMG_1488108676434-768x512.jpg 768w\" sizes=\"(max-width: 960px) 100vw, 960px\" \/><\/a><\/p>\n<span style=\"clear:both;display:none;\"><img src=\"http:\/\/www.muricionline.com.br\/novo\/wp-content\/plugins\/wp-spamfree\/img\/wpsf-img.php\" width=\"0\" height=\"0\" alt=\"\" style=\"border-style:none;width:0px;height:0px;display:none;\" \/><\/span>","protected":false},"excerpt":{"rendered":"<p>&nbsp; &#8220;J\u00e1 \u00e9 carnaval em Murici&#8221;. O decreto foi dado na noite de ontem pelo prefeito Olavo Neto ao entregar simbolicamente a chave do munic\u00edpio para o Rei e Rainha do Carnaval. O ato marcou oficialmente o in\u00edcio do carnaval. A entrega das chaves da cidade aconteceu na Pra\u00e7a Padre C\u00edcero logo ap\u00f3s a apresenta\u00e7\u00e3o&#8230;<\/p>\n","protected":false},"author":1,"featured_media":0,"comment_status":"open","ping_status":"open","sticky":false,"template":"","format":"standard","meta":{"footnotes":""},"categories":[1],"tags":[],"_links":{"self":[{"href":"http:\/\/www.muricionline.com.br\/novo\/index.php?rest_route=\/wp\/v2\/posts\/5002"}],"collection":[{"href":"http:\/\/www.muricionline.com.br\/novo\/index.php?rest_route=\/wp\/v2\/posts"}],"about":[{"href":"http:\/\/www.muricionline.com.br\/novo\/index.php?rest_route=\/wp\/v2\/types\/post"}],"author":[{"embeddable":true,"href":"http:\/\/www.muricionline.com.br\/novo\/index.php?rest_route=\/wp\/v2\/users\/1"}],"replies":[{"embeddable":true,"href":"http:\/\/www.muricionline.com.br\/novo\/index.php?rest_route=%2Fwp%2Fv2%2Fcomments&post=5002"}],"version-history":[{"count":1,"href":"http:\/\/www.muricionline.com.br\/novo\/index.php?rest_route=\/wp\/v2\/posts\/5002\/revisions"}],"predecessor-version":[{"id":5009,"href":"http:\/\/www.muricionline.com.br\/novo\/index.php?rest_route=\/wp\/v2\/posts\/5002\/revisions\/5009"}],"wp:attachment":[{"href":"http:\/\/www.muricionline.com.br\/novo\/index.php?rest_route=%2Fwp%2Fv2%2Fmedia&parent=5002"}],"wp:term":[{"taxonomy":"category","embeddable":true,"href":"http:\/\/www.muricionline.com.br\/novo\/index.php?rest_route=%2Fwp%2Fv2%2Fcategories&post=5002"},{"taxonomy":"post_tag","embeddable":true,"href":"http:\/\/www.muricionline.com.br\/novo\/index.php?rest_route=%2Fwp%2Fv2%2Ftags&post=5002"}],"curies":[{"name":"wp","href":"https:\/\/api.w.org\/{rel}","templated":true}]}}