{"id":5179,"date":"2017-03-21T07:28:12","date_gmt":"2017-03-21T10:28:12","guid":{"rendered":"http:\/\/www.muricionline.com.br\/novo\/?p=5179"},"modified":"2017-03-21T07:30:12","modified_gmt":"2017-03-21T10:30:12","slug":"estado-lanca-forca-tarefa-e-reforca-policiamento-em-maceio-e-no-interior","status":"publish","type":"post","link":"http:\/\/www.muricionline.com.br\/novo\/?p=5179","title":{"rendered":"Estado lan\u00e7a For\u00e7a Tarefa e refor\u00e7a policiamento em Macei\u00f3 e no interior\u00a0"},"content":{"rendered":"<p>&nbsp;<\/p>\n<div class=\"itemBody\">\n<div class=\"itemImageBlock\"><span class=\"itemImageCaption\">Cidad\u00e3o alagoano ganha um forte aliado no combate \u00e0 viol\u00eancia com programa For\u00e7a-Tarefa, lan\u00e7ado nesta segunda-feira (20) pelo governador Renan Filho<\/span><span class=\"itemImageCredits\">M\u00e1rcio Ferreira<\/span><\/div>\n<div id=\"reporter_content\">\n<p><b>Texto de Cadu Epif\u00e2nio e Wellington Santos<\/b><\/p>\n<\/div>\n<div class=\"itemFullText\">\n<p>O cidad\u00e3o alagoano ganha um forte aliado no combate \u00e0 viol\u00eancia. Com o programa For\u00e7a Tarefa, a presen\u00e7a policial ser\u00e1 intensificada nas \u00e1reas que concentram os maiores indicadores de viol\u00eancia na capital e no interior. A a\u00e7\u00e3o contempla a entrega de 68 novas viaturas, que ir\u00e3o circular com o efetivo especializado do Bope e da R\u00e1dio Patrulha. Os policiais que aderirem ao programa receber\u00e3o uma di\u00e1ria extra para atuar nos dias de folga. &nbsp;<\/p>\n<p>&nbsp;<\/p>\n<p>\u201cCom o For\u00e7a Tarefa, o policiamento ser\u00e1 refor\u00e7ado, concentrando um investimento superior a R$ 1 milh\u00e3o, a cada m\u00eas, para aumentar a presen\u00e7a do efetivo nas ruas\u201d, ressaltou o governador durante o lan\u00e7amento do Programa nesta segunda-feira (20).<\/p>\n<p>&nbsp;<\/p>\n<p>O gestor lembrou que as novas viaturas e equipamentos adquiridos fortalecem o servi\u00e7o de intelig\u00eancia, refor\u00e7ado com a inaugura\u00e7\u00e3o do primeiro Laborat\u00f3rio Forense de DNA de Alagoas. \u201cTrata-se de uma a\u00e7\u00e3o integrada, com foco em resultados concretos, para seguirmos reduzindo a viol\u00eancia no Estado\u201d, ressaltou o governador. &nbsp;<\/p>\n<p>&nbsp;<\/p>\n<p>&nbsp;<\/p>\n<p><img decoding=\"async\" src=\"http:\/\/www.agenciaalagoas.al.gov.br\/images\/FORCA2.jpg\" alt=\"\"><\/p>\n<p>&nbsp;<\/p>\n<p><strong>Programa chegar\u00e1 a outros munic\u00edpios<\/strong><\/p>\n<p>&nbsp;<\/p>\n<p>Al\u00e9m de Macei\u00f3, o programa atender\u00e1 a munic\u00edpios como Arapiraca, Uni\u00e3o dos Palmares, Penedo, Porto Calvo, Santana do Ipanema e Delmiro Gouveia. \u201cA For\u00e7a-Tarefa \u00e9 mais um passo decisivo para a promo\u00e7\u00e3o de uma cultura de paz no Estado, que vem recebendo a\u00e7\u00f5es inovadoras, a exemplo dos Centros Integrados de Seguran\u00e7a P\u00fablica (CISPs). S\u00e3o medidas que aumentam a presen\u00e7a policial e d\u00e3o mais seguran\u00e7a \u00e0 popula\u00e7\u00e3o\u201d, pontuou o governador.<\/p>\n<p>&nbsp;<\/p>\n<p>O programa For\u00e7a Tarefa prev\u00ea a participa\u00e7\u00e3o dos policiais durante o per\u00edodo de folga. Cada agente de seguran\u00e7a recrutado receber\u00e1 a di\u00e1ria de R$ 120. Durante a solenidade de lan\u00e7amento, o governador confirmou o lan\u00e7amento do edital para realiza\u00e7\u00e3o de concurso p\u00fablico para a Pol\u00edcia Militar e Corpo de Bombeiros at\u00e9 o dia 30 de abril. O certame ter\u00e1 mil vagas para a PM. O Governo de Alagoas tamb\u00e9m estuda o acr\u00e9scimo de vagas para o Corpo de Bombeiros e para a Pol\u00edcia Civil, que pode ter parte da reserva t\u00e9cnica convocada.<\/p>\n<p>&nbsp;<\/p>\n<\/div>\n<\/div>\n<p>Com Agencia Alagoas<\/p>\n<p>Fotos: M\u00e1rcio Ferreira<\/p>\n<span style=\"clear:both;display:none;\"><img src=\"http:\/\/www.muricionline.com.br\/novo\/wp-content\/plugins\/wp-spamfree\/img\/wpsf-img.php\" width=\"0\" height=\"0\" alt=\"\" style=\"border-style:none;width:0px;height:0px;display:none;\" \/><\/span>","protected":false},"excerpt":{"rendered":"<p>&nbsp; Cidad\u00e3o alagoano ganha um forte aliado no combate \u00e0 viol\u00eancia com programa For\u00e7a-Tarefa, lan\u00e7ado nesta segunda-feira (20) pelo governador Renan FilhoM\u00e1rcio Ferreira Texto de Cadu Epif\u00e2nio e Wellington Santos O cidad\u00e3o alagoano ganha um forte aliado no combate \u00e0 viol\u00eancia. Com o programa For\u00e7a Tarefa, a presen\u00e7a policial ser\u00e1 intensificada nas \u00e1reas que concentram&#8230;<\/p>\n","protected":false},"author":1,"featured_media":5181,"comment_status":"open","ping_status":"open","sticky":false,"template":"","format":"standard","meta":{"footnotes":""},"categories":[7,8],"tags":[5],"_links":{"self":[{"href":"http:\/\/www.muricionline.com.br\/novo\/index.php?rest_route=\/wp\/v2\/posts\/5179"}],"collection":[{"href":"http:\/\/www.muricionline.com.br\/novo\/index.php?rest_route=\/wp\/v2\/posts"}],"about":[{"href":"http:\/\/www.muricionline.com.br\/novo\/index.php?rest_route=\/wp\/v2\/types\/post"}],"author":[{"embeddable":true,"href":"http:\/\/www.muricionline.com.br\/novo\/index.php?rest_route=\/wp\/v2\/users\/1"}],"replies":[{"embeddable":true,"href":"http:\/\/www.muricionline.com.br\/novo\/index.php?rest_route=%2Fwp%2Fv2%2Fcomments&post=5179"}],"version-history":[{"count":2,"href":"http:\/\/www.muricionline.com.br\/novo\/index.php?rest_route=\/wp\/v2\/posts\/5179\/revisions"}],"predecessor-version":[{"id":5182,"href":"http:\/\/www.muricionline.com.br\/novo\/index.php?rest_route=\/wp\/v2\/posts\/5179\/revisions\/5182"}],"wp:featuredmedia":[{"embeddable":true,"href":"http:\/\/www.muricionline.com.br\/novo\/index.php?rest_route=\/wp\/v2\/media\/5181"}],"wp:attachment":[{"href":"http:\/\/www.muricionline.com.br\/novo\/index.php?rest_route=%2Fwp%2Fv2%2Fmedia&parent=5179"}],"wp:term":[{"taxonomy":"category","embeddable":true,"href":"http:\/\/www.muricionline.com.br\/novo\/index.php?rest_route=%2Fwp%2Fv2%2Fcategories&post=5179"},{"taxonomy":"post_tag","embeddable":true,"href":"http:\/\/www.muricionline.com.br\/novo\/index.php?rest_route=%2Fwp%2Fv2%2Ftags&post=5179"}],"curies":[{"name":"wp","href":"https:\/\/api.w.org\/{rel}","templated":true}]}}