{"id":5647,"date":"2017-05-20T00:23:45","date_gmt":"2017-05-20T03:23:45","guid":{"rendered":"http:\/\/www.muricionline.com.br\/novo\/?p=5647"},"modified":"2017-05-20T00:23:45","modified_gmt":"2017-05-20T03:23:45","slug":"murici-faz-misterio-para-estreia-na-serie-d","status":"publish","type":"post","link":"http:\/\/www.muricionline.com.br\/novo\/?p=5647","title":{"rendered":"Murici faz mist\u00e9rio para estreia na S\u00e9rie D"},"content":{"rendered":"<p>O Murici estreia na S\u00e9rie D do Campeonato Brasileiro no pr\u00f3ximo domingo, 21, diante do Am\u00e9rica-RN. Sob mist\u00e9rio, o t\u00e9cnico Bil\u00fa fechou os port\u00f5es do treino desta manh\u00e3, 19, no est\u00e1dio Jos\u00e9 Gomes da Costa.<\/p>\n<p>&nbsp;<\/p>\n<div class=\"single--text\">\n<p class=\"bodytext\">A delega\u00e7\u00e3o viajou no in\u00edcio da tarde para Natal, onde ficar\u00e1 concentrada para a partida. Segundo a assessoria de imprensa do time alviverde, vinte jogadores foram convocados pelo treinador. A lista, por\u00e9m, n\u00e3o foi divulgada.<\/p>\n<p class=\"bodytext\">&nbsp;<\/p>\n<p class=\"bodytext\">A partida est\u00e1 marcada para a Arena das Dunas, \u00e0s 16 horas. O Murici est\u00e1 no grupo A9 com Jacobina e Sergipe.<\/p>\n<p class=\"bodytext\">&nbsp;<\/p>\n<\/div>\n<p class=\"bodytext\">Com GloboEsporte.com<\/p>\n<p class=\"bodytext\">Foto: Ja\u00edlson Col\u00e1cio<\/p>\n<span style=\"clear:both;display:none;\"><img src=\"http:\/\/www.muricionline.com.br\/novo\/wp-content\/plugins\/wp-spamfree\/img\/wpsf-img.php\" width=\"0\" height=\"0\" alt=\"\" style=\"border-style:none;width:0px;height:0px;display:none;\" \/><\/span>","protected":false},"excerpt":{"rendered":"<p>O Murici estreia na S\u00e9rie D do Campeonato Brasileiro no pr\u00f3ximo domingo, 21, diante do Am\u00e9rica-RN. Sob mist\u00e9rio, o t\u00e9cnico Bil\u00fa fechou os port\u00f5es do treino desta manh\u00e3, 19, no est\u00e1dio Jos\u00e9 Gomes da Costa. &nbsp; A delega\u00e7\u00e3o viajou no in\u00edcio da tarde para Natal, onde ficar\u00e1 concentrada para a partida. Segundo a assessoria de&#8230;<\/p>\n","protected":false},"author":1,"featured_media":5648,"comment_status":"open","ping_status":"open","sticky":false,"template":"","format":"standard","meta":{"footnotes":""},"categories":[9],"tags":[5],"_links":{"self":[{"href":"http:\/\/www.muricionline.com.br\/novo\/index.php?rest_route=\/wp\/v2\/posts\/5647"}],"collection":[{"href":"http:\/\/www.muricionline.com.br\/novo\/index.php?rest_route=\/wp\/v2\/posts"}],"about":[{"href":"http:\/\/www.muricionline.com.br\/novo\/index.php?rest_route=\/wp\/v2\/types\/post"}],"author":[{"embeddable":true,"href":"http:\/\/www.muricionline.com.br\/novo\/index.php?rest_route=\/wp\/v2\/users\/1"}],"replies":[{"embeddable":true,"href":"http:\/\/www.muricionline.com.br\/novo\/index.php?rest_route=%2Fwp%2Fv2%2Fcomments&post=5647"}],"version-history":[{"count":1,"href":"http:\/\/www.muricionline.com.br\/novo\/index.php?rest_route=\/wp\/v2\/posts\/5647\/revisions"}],"predecessor-version":[{"id":5649,"href":"http:\/\/www.muricionline.com.br\/novo\/index.php?rest_route=\/wp\/v2\/posts\/5647\/revisions\/5649"}],"wp:featuredmedia":[{"embeddable":true,"href":"http:\/\/www.muricionline.com.br\/novo\/index.php?rest_route=\/wp\/v2\/media\/5648"}],"wp:attachment":[{"href":"http:\/\/www.muricionline.com.br\/novo\/index.php?rest_route=%2Fwp%2Fv2%2Fmedia&parent=5647"}],"wp:term":[{"taxonomy":"category","embeddable":true,"href":"http:\/\/www.muricionline.com.br\/novo\/index.php?rest_route=%2Fwp%2Fv2%2Fcategories&post=5647"},{"taxonomy":"post_tag","embeddable":true,"href":"http:\/\/www.muricionline.com.br\/novo\/index.php?rest_route=%2Fwp%2Fv2%2Ftags&post=5647"}],"curies":[{"name":"wp","href":"https:\/\/api.w.org\/{rel}","templated":true}]}}