{"id":5651,"date":"2017-05-20T13:06:45","date_gmt":"2017-05-20T16:06:45","guid":{"rendered":"http:\/\/www.muricionline.com.br\/novo\/?p=5651"},"modified":"2017-05-20T13:06:45","modified_gmt":"2017-05-20T16:06:45","slug":"murici-faz-ultimo-treino-antes-da-estreia-na-serie-d-do-brasileirao","status":"publish","type":"post","link":"http:\/\/www.muricionline.com.br\/novo\/?p=5651","title":{"rendered":"Murici faz \u00faltimo treino antes da estreia na S\u00e9rie D do Brasileir\u00e3o"},"content":{"rendered":"<p>&nbsp;<\/p>\n<p>Murici faz \u00faltimo treino antes da estreia na S\u00e9rie D do Brasileir\u00e3oO \u00faltimo treino do Murici Futebol Clube antes da estreia no Campeonato Brasileiro da S\u00e9rie D aconteceu na manh\u00e3 deste s\u00e1bado (20\/05), no Centro de Treinamento do ABC, em Natal.<\/p>\n<p><a href=\"http:\/\/www.muricionline.com.br\/novo\/wp-content\/uploads\/2017\/05\/IMG_20170520_105503_957.jpg\"><img loading=\"lazy\" decoding=\"async\" class=\"aligncenter size-full wp-image-5653\" src=\"http:\/\/www.muricionline.com.br\/novo\/wp-content\/uploads\/2017\/05\/IMG_20170520_105503_957.jpg\" alt=\"\" width=\"1080\" height=\"1080\" srcset=\"http:\/\/www.muricionline.com.br\/novo\/wp-content\/uploads\/2017\/05\/IMG_20170520_105503_957.jpg 1080w, http:\/\/www.muricionline.com.br\/novo\/wp-content\/uploads\/2017\/05\/IMG_20170520_105503_957-150x150.jpg 150w, http:\/\/www.muricionline.com.br\/novo\/wp-content\/uploads\/2017\/05\/IMG_20170520_105503_957-300x300.jpg 300w, http:\/\/www.muricionline.com.br\/novo\/wp-content\/uploads\/2017\/05\/IMG_20170520_105503_957-768x768.jpg 768w, http:\/\/www.muricionline.com.br\/novo\/wp-content\/uploads\/2017\/05\/IMG_20170520_105503_957-1024x1024.jpg 1024w\" sizes=\"(max-width: 1080px) 100vw, 1080px\" \/><\/a><br \/>\nDurante o treinamento os atletas fizeram um trabalho recreativo, o famoso rax\u00e3o, utilizando apenas metade do gramado. O Verd\u00e3o vai estrear na competi\u00e7\u00e3o no domingo, 21, \u00e0s 16h, na Arena das Dunas, contra o Am\u00e9rica-RN.<\/p>\n<p>&nbsp;<\/p>\n<p>Ascom &#8211; MuriciFC<br \/>\nFotos: Ja\u00edlson Col\u00e1cio<\/p>\n<span style=\"clear:both;display:none;\"><img src=\"http:\/\/www.muricionline.com.br\/novo\/wp-content\/plugins\/wp-spamfree\/img\/wpsf-img.php\" width=\"0\" height=\"0\" alt=\"\" style=\"border-style:none;width:0px;height:0px;display:none;\" \/><\/span>","protected":false},"excerpt":{"rendered":"<p>&nbsp; Murici faz \u00faltimo treino antes da estreia na S\u00e9rie D do Brasileir\u00e3oO \u00faltimo treino do Murici Futebol Clube antes da estreia no Campeonato Brasileiro da S\u00e9rie D aconteceu na manh\u00e3 deste s\u00e1bado (20\/05), no Centro de Treinamento do ABC, em Natal. Durante o treinamento os atletas fizeram um trabalho recreativo, o famoso rax\u00e3o, utilizando&#8230;<\/p>\n","protected":false},"author":1,"featured_media":5652,"comment_status":"open","ping_status":"open","sticky":false,"template":"","format":"standard","meta":{"footnotes":""},"categories":[9],"tags":[5],"_links":{"self":[{"href":"http:\/\/www.muricionline.com.br\/novo\/index.php?rest_route=\/wp\/v2\/posts\/5651"}],"collection":[{"href":"http:\/\/www.muricionline.com.br\/novo\/index.php?rest_route=\/wp\/v2\/posts"}],"about":[{"href":"http:\/\/www.muricionline.com.br\/novo\/index.php?rest_route=\/wp\/v2\/types\/post"}],"author":[{"embeddable":true,"href":"http:\/\/www.muricionline.com.br\/novo\/index.php?rest_route=\/wp\/v2\/users\/1"}],"replies":[{"embeddable":true,"href":"http:\/\/www.muricionline.com.br\/novo\/index.php?rest_route=%2Fwp%2Fv2%2Fcomments&post=5651"}],"version-history":[{"count":1,"href":"http:\/\/www.muricionline.com.br\/novo\/index.php?rest_route=\/wp\/v2\/posts\/5651\/revisions"}],"predecessor-version":[{"id":5654,"href":"http:\/\/www.muricionline.com.br\/novo\/index.php?rest_route=\/wp\/v2\/posts\/5651\/revisions\/5654"}],"wp:featuredmedia":[{"embeddable":true,"href":"http:\/\/www.muricionline.com.br\/novo\/index.php?rest_route=\/wp\/v2\/media\/5652"}],"wp:attachment":[{"href":"http:\/\/www.muricionline.com.br\/novo\/index.php?rest_route=%2Fwp%2Fv2%2Fmedia&parent=5651"}],"wp:term":[{"taxonomy":"category","embeddable":true,"href":"http:\/\/www.muricionline.com.br\/novo\/index.php?rest_route=%2Fwp%2Fv2%2Fcategories&post=5651"},{"taxonomy":"post_tag","embeddable":true,"href":"http:\/\/www.muricionline.com.br\/novo\/index.php?rest_route=%2Fwp%2Fv2%2Ftags&post=5651"}],"curies":[{"name":"wp","href":"https:\/\/api.w.org\/{rel}","templated":true}]}}