{"id":5655,"date":"2017-05-21T07:42:33","date_gmt":"2017-05-21T10:42:33","guid":{"rendered":"http:\/\/www.muricionline.com.br\/novo\/?p=5655"},"modified":"2017-05-21T07:42:33","modified_gmt":"2017-05-21T10:42:33","slug":"governo-triplica-numero-de-ginasios-de-escolas-estaduais-em-dois-anos","status":"publish","type":"post","link":"http:\/\/www.muricionline.com.br\/novo\/?p=5655","title":{"rendered":"Governo triplica n\u00famero de gin\u00e1sios de escolas estaduais, em dois anos"},"content":{"rendered":"<p>&nbsp;<\/p>\n<div class=\"itemBody\">\n<div class=\"itemFullText\">\n<p>A Secretaria de Estado da Educa\u00e7\u00e3o (Seduc) vem trabalhando desde o in\u00edcio da gest\u00e3o do governador Renan Filho, em 2015, para melhorar o aprendizado dos estudantes da rede p\u00fablica estadual. Al\u00e9m da reforma de mais de 120 escolas, entrega de laborat\u00f3rios de inform\u00e1tica, promo\u00e7\u00e3o de eventos para destacar o protagonismo estudantil, um dos pontos mais beneficiados pela Seduc foi a constru\u00e7\u00e3o e reforma dos gin\u00e1sios esportivos.<\/p>\n<p>&nbsp;<\/p>\n<p><img decoding=\"async\" src=\"http:\/\/www.agenciaalagoas.al.gov.br\/images\/NOTICIAS_2017\/05_MAIO\/semana_03\/2005_QUADRA.JPG\" alt=\"\"><\/p>\n<p>&nbsp;<\/p>\n<p>Em 2015, das 313 escolas estaduais que declararam o Censo Escolar, apenas 34 afirmaram ter quadras cobertas para realizar as pr\u00e1ticas esportivas, ou seja, pouco mais de 10%. Mas a situa\u00e7\u00e3o mudou, devido ao esfor\u00e7o cont\u00ednuo do Governo do Estado. Em pouco mais de dois anos, 38 novos gin\u00e1sios foram constru\u00eddos e outros 32 foram iniciados ou est\u00e3o em fase de licita\u00e7\u00e3o.<\/p>\n<p>&nbsp;<\/p>\n<p>Estes n\u00fameros, adicionados ao das 34 escolas que declararam o Censo, totalizam 104 gin\u00e1sios ofertados aos estudantes da rede estadual.<\/p>\n<p>&nbsp;<\/p>\n<p>Se comparado os novos espa\u00e7os cobertos (70), com o que havia antes (34) \u00e9 poss\u00edvel ver que o n\u00famero de quadras triplicou. Para o vice-governador e titular da pasta estadual da Educa\u00e7\u00e3o, Luciano Barbosa, os gin\u00e1sios s\u00e3o de extrema import\u00e2ncia para a socializa\u00e7\u00e3o entre comunidade local e alunos.<\/p>\n<p>&nbsp;<\/p>\n<p>\u201cOs nossos alunos podem realizar mais do que as pr\u00e1ticas esportivas nos gin\u00e1sios, que, por si s\u00f3, j\u00e1 tem uma fun\u00e7\u00e3o integradora muito grande. No local, feiras de ci\u00eancias podem ser realizadas, apresenta\u00e7\u00f5es culturais e festas da comunidade. Seguindo a determina\u00e7\u00e3o do governador Renan Filho, em toda a escola que tiver terreno adequado dever\u00e1 ser constru\u00eddo um gin\u00e1sio\u201d, afirma o secret\u00e1rio estadual da Educa\u00e7\u00e3o.<\/p>\n<p>&nbsp;<\/p>\n<p><img decoding=\"async\" src=\"http:\/\/www.agenciaalagoas.al.gov.br\/images\/NOTICIAS_2017\/05_MAIO\/semana_03\/2005_QUADRA_2.JPG\" alt=\"\"><\/p>\n<p>&nbsp;<\/p>\n<p>A melhoria \u00e9 coletiva e, prova disso \u00e9 que, gradativamente, unidades escolares de todas as regi\u00f5es de Alagoas s\u00e3o beneficiadas. A Escola Estadual de Ensino Integral Professora Izaura Ant\u00f4nia de Lisboa (Epial), localizada em Arapiraca, foi uma das grandes beneficiadas pela constru\u00e7\u00e3o da quadra poliesportiva.<\/p>\n<p>&nbsp;<\/p>\n<p>Alisson da Silva Costa, estudante do 3\u00ba ano do ensino m\u00e9dio, relata as dificuldades encontradas antes para a realiza\u00e7\u00e3o das pr\u00e1ticas esportivas.<\/p>\n<p>&nbsp;<\/p>\n<p><img decoding=\"async\" src=\"http:\/\/www.agenciaalagoas.al.gov.br\/images\/NOTICIAS_2017\/05_MAIO\/semana_03\/2005_Alisson.JPG\" alt=\"\"><\/p>\n<p>&nbsp;<\/p>\n<p>&#8220;T\u00ednhamos que ir a p\u00e9 para a quadra de outras escolas e, por depender de outras pessoas, \u00e0s vezes, d\u00e1vamos viagem perdida e n\u00e3o consegu\u00edamos ter aula de Educa\u00e7\u00e3o F\u00edsica. Agora, com a nossa quadra, n\u00e3o dependemos mais de ningu\u00e9m, s\u00f3 n\u00e3o pratica esporte quem n\u00e3o quer&#8221;, comemora o jovem.<\/p>\n<p>&nbsp;<\/p>\n<p>Para o professor Bartolomeu Quintino da Silva, a iniciativa, acima de tudo, d\u00e1 autonomia aos estudantes e aumenta o sentimento de pertencimento.<\/p>\n<p>&nbsp;<\/p>\n<p>&#8220;Agora n\u00f3s temos um hor\u00e1rio, um plano anual, um cronograma, e podemos nos preparar para as competi\u00e7\u00f5es. O esporte \u00e9 muito importante, pois tira o jovem do \u00f3cio e d\u00e1 a ele mais sa\u00fade, melhorando a sua qualidade de vida&#8221;, afirma o professor.<\/p>\n<p>&nbsp;<\/p>\n<p>E as melhorias n\u00e3o param por a\u00ed. Nos quatro cantos de Alagoas, obras acontecem para proporcionar um espa\u00e7o de dignidade aos estudantes da rede estadual. Ap\u00f3s mais uma d\u00e9cada de espera, a Escola Inaura Casado Costa, em Cajueiro, ganhou a t\u00e3o sonhada quadra.<\/p>\n<p>&nbsp;<\/p>\n<p><img decoding=\"async\" src=\"http:\/\/www.agenciaalagoas.al.gov.br\/images\/NOTICIAS_2017\/05_MAIO\/semana_03\/2005_Diretora.JPG\" alt=\"\"><\/p>\n<p>&nbsp;<\/p>\n<p>&#8220;A quadra \u00e9 um recurso a mais, pois torna a escola mais atrativa e nos ajuda a diminuir o n\u00famero de evas\u00e3o escolar. Esper\u00e1vamos por essa obra h\u00e1 mais de 10 anos&#8221;, conta a diretora Daiana Vital Sampaio.<\/p>\n<p>&nbsp;<\/p>\n<p><strong>Par\u00e2metro<\/strong><\/p>\n<p>&nbsp;<\/p>\n<p>Dados divulgados pelo Censo Escolar de 2015 mostram que seis em cada dez escolas p\u00fablicas no pa\u00eds n\u00e3o t\u00eam quadras para atividades.<\/p>\n<p>&nbsp;<\/p>\n<p>Comparando a situa\u00e7\u00e3o encontrada no in\u00edcio do governo de Renan Filho com o quadro atual \u00e9 percept\u00edvel ver o aumento dos n\u00fameros. Na pr\u00e1tica, em 2015, apenas 10,86% das escolas contavam com espa\u00e7os cobertos para a pr\u00e1tica esportiva, enquanto, atualmente, essa porcentagem subiu para 33,22%.<\/p>\n<p>&nbsp;<\/p>\n<p>O superintendente de Engenharia e Tecnologia da Informa\u00e7\u00e3o da Seduc, Djaci Magalh\u00e3es, que fez o levantamento nas escolas explica que, em Arapiraca, o segundo maior munic\u00edpio do Estado, existia apenas uma quadra coberta em 2015, mas at\u00e9 o ano que vem, 10 escolas contar\u00e3o com gin\u00e1sios.<\/p>\n<p>&nbsp;<\/p>\n<p>\u201cNo in\u00edcio da gest\u00e3o, apenas a Escola Estadual Quintela Cavalcante tinha um espa\u00e7o coberto para a pr\u00e1tica das atividades f\u00edsicas, em Arapiraca. Devido aos esfor\u00e7os, al\u00e9m das constru\u00e7\u00f5es, v\u00e1rias quadras foram reformadas\u201d, explica Magalh\u00e3es.<\/p>\n<p>&nbsp;<\/p>\n<\/div>\n<p>Com Agencia Alagoas<\/p>\n<p>Foto: Quadra Maria Jos\u00e9 Araujo, Cajueiro\/Valdir Rocha<\/p>\n<\/div>\n<span style=\"clear:both;display:none;\"><img src=\"http:\/\/www.muricionline.com.br\/novo\/wp-content\/plugins\/wp-spamfree\/img\/wpsf-img.php\" width=\"0\" height=\"0\" alt=\"\" style=\"border-style:none;width:0px;height:0px;display:none;\" \/><\/span>","protected":false},"excerpt":{"rendered":"<p>&nbsp; A Secretaria de Estado da Educa\u00e7\u00e3o (Seduc) vem trabalhando desde o in\u00edcio da gest\u00e3o do governador Renan Filho, em 2015, para melhorar o aprendizado dos estudantes da rede p\u00fablica estadual. Al\u00e9m da reforma de mais de 120 escolas, entrega de laborat\u00f3rios de inform\u00e1tica, promo\u00e7\u00e3o de eventos para destacar o protagonismo estudantil, um dos pontos&#8230;<\/p>\n","protected":false},"author":1,"featured_media":5656,"comment_status":"open","ping_status":"open","sticky":false,"template":"","format":"standard","meta":{"footnotes":""},"categories":[1],"tags":[5],"_links":{"self":[{"href":"http:\/\/www.muricionline.com.br\/novo\/index.php?rest_route=\/wp\/v2\/posts\/5655"}],"collection":[{"href":"http:\/\/www.muricionline.com.br\/novo\/index.php?rest_route=\/wp\/v2\/posts"}],"about":[{"href":"http:\/\/www.muricionline.com.br\/novo\/index.php?rest_route=\/wp\/v2\/types\/post"}],"author":[{"embeddable":true,"href":"http:\/\/www.muricionline.com.br\/novo\/index.php?rest_route=\/wp\/v2\/users\/1"}],"replies":[{"embeddable":true,"href":"http:\/\/www.muricionline.com.br\/novo\/index.php?rest_route=%2Fwp%2Fv2%2Fcomments&post=5655"}],"version-history":[{"count":1,"href":"http:\/\/www.muricionline.com.br\/novo\/index.php?rest_route=\/wp\/v2\/posts\/5655\/revisions"}],"predecessor-version":[{"id":5657,"href":"http:\/\/www.muricionline.com.br\/novo\/index.php?rest_route=\/wp\/v2\/posts\/5655\/revisions\/5657"}],"wp:featuredmedia":[{"embeddable":true,"href":"http:\/\/www.muricionline.com.br\/novo\/index.php?rest_route=\/wp\/v2\/media\/5656"}],"wp:attachment":[{"href":"http:\/\/www.muricionline.com.br\/novo\/index.php?rest_route=%2Fwp%2Fv2%2Fmedia&parent=5655"}],"wp:term":[{"taxonomy":"category","embeddable":true,"href":"http:\/\/www.muricionline.com.br\/novo\/index.php?rest_route=%2Fwp%2Fv2%2Fcategories&post=5655"},{"taxonomy":"post_tag","embeddable":true,"href":"http:\/\/www.muricionline.com.br\/novo\/index.php?rest_route=%2Fwp%2Fv2%2Ftags&post=5655"}],"curies":[{"name":"wp","href":"https:\/\/api.w.org\/{rel}","templated":true}]}}