{"id":5684,"date":"2017-05-24T08:17:03","date_gmt":"2017-05-24T11:17:03","guid":{"rendered":"http:\/\/www.muricionline.com.br\/novo\/?p=5684"},"modified":"2017-05-24T08:17:03","modified_gmt":"2017-05-24T11:17:03","slug":"governador-assina-ordem-de-servico-para-reconstrucao-de-100-do-acesso-a-marechal","status":"publish","type":"post","link":"http:\/\/www.muricionline.com.br\/novo\/?p=5684","title":{"rendered":"Governador assina ordem de servi\u00e7o para reconstru\u00e7\u00e3o de 100% do acesso a Marechal"},"content":{"rendered":"<p>&nbsp;<\/p>\n<div class=\"itemBody\">\n<div class=\"itemFullText\">\n<p>Em mais uma a\u00e7\u00e3o do programa Pr\u00f3-Estrada, o governador Renan Filho, o secret\u00e1rio de Estado de Transporte e Desenvolvimento Urbano, Mosart Amaral, e o diretor-presidente do Departamento de Estradas de Rodagem (DER), H\u00e9lder Gazzaneo, assinaram, na manh\u00e3 desta ter\u00e7a-feira (23), a ordem de servi\u00e7o para o in\u00edcio dos trabalhos de recupera\u00e7\u00e3o asf\u00e1ltica da AL-215, no munic\u00edpio de Marechal Deodoro, regi\u00e3o Metropolitana. A solenidade foi realizada na Pra\u00e7a dos Cajueiros.<\/p>\n<p>&nbsp;<\/p>\n<p>O governador explicou que o acesso \u00e0 cidade ser\u00e1 100% reconstru\u00eddo e dar\u00e1 um novo \u00e2nimo aos moradores do munic\u00edpio tur\u00edstico.<\/p>\n<p>&nbsp;<\/p>\n<p>&#8220;Ser\u00e1 um acesso constru\u00eddo dentro das novas tend\u00eancias de mobilidade urbana, ampliado, e com ciclovia para o estudante, para o turista, para o morador, j\u00e1 que Marechal \u00e9 uma cidade linda e precisa ser tratada da melhor forma&#8221;, afirmou Renan Filho.<\/p>\n<p>&nbsp;<\/p>\n<p><img decoding=\"async\" src=\"http:\/\/www.agenciaalagoas.al.gov.br\/images\/AREUNIN3.jpeg\" alt=\"\"><\/p>\n<p>O trecho contemplado tem in\u00edcio no entroncamento da AL-101 Sul, no trevo do Franc\u00eas, e possui dez quil\u00f4metros de extens\u00e3o, dando acesso \u00e0 cidade. O objetivo do Pr\u00f3-Estrada em Marechal Deodoro \u00e9 melhorar a locomo\u00e7\u00e3o de seus mais de 50 mil moradores, al\u00e9m dos turistas que a visitam.<\/p>\n<p>&nbsp;<\/p>\n<p>Renan Filho informou que a obra est\u00e1 or\u00e7ada em, aproximadamente, R$ 4 milh\u00f5es, recursos do pr\u00f3prio Governo do Estado que v\u00e3o possibilitar a reconstru\u00e7\u00e3o completa da via e a amplia\u00e7\u00e3o da faixa de dom\u00ednio para a constru\u00e7\u00e3o de uma ciclovia.<\/p>\n<p>&nbsp;<\/p>\n<p>O governador recordou a execu\u00e7\u00e3o de obras importantes em Marechal Deodoro, que tiveram a atua\u00e7\u00e3o dele e do senador Renan Calheiros, a exemplo da constru\u00e7\u00e3o da Orla do Franc\u00eas, o saneamento b\u00e1sico daquela localidade e da Orla Lagunar.<\/p>\n<p>&nbsp;<\/p>\n<p>&#8220;N\u00f3s tamb\u00e9m viabilizamos recursos para o Centro da cidade. Ali estamos com obras em execu\u00e7\u00e3o e tocadas pelo Governo do Estado. Viabilizamos, ainda, recursos em Bras\u00edlia, na Funasa (Funda\u00e7\u00e3o Nacional de Sa\u00fade), para fortalecer o sistema de abastecimento de \u00e1gua do munic\u00edpio. S\u00e3o recursos da ordem de R$ 18 milh\u00f5es e que est\u00e3o \u00e0 disposi\u00e7\u00e3o da prefeitura&#8221;, lembrou Renan Filho, acrescentando que, em breve, iniciar\u00e1 a constru\u00e7\u00e3o do Centro Integrado de Seguran\u00e7a P\u00fablica (Cisp) de Marechal Deodoro, que ser\u00e1 do tipo 2, maior.<\/p>\n<p>&nbsp;<\/p>\n<p><img decoding=\"async\" src=\"http:\/\/www.agenciaalagoas.al.gov.br\/images\/ARIUNAN.jpeg\" alt=\"\"><\/p>\n<p>&nbsp;<\/p>\n<p>O prefeito do munic\u00edpio, Cl\u00e1udio Filho, &#8220;Cacau&#8221;, agradeceu ao governador pelo pleito atendido ao recuperar a AL-215, obra que vai abrir, &#8220;de uma vez por todas&#8221;, o S\u00edtio Hist\u00f3rico de Marechal Deodoro para o turismo.<\/p>\n<p>&nbsp;<\/p>\n<p>&#8220;Tive em S\u00e3o Paulo reunido com representantes das operadoras de turismo, que v\u00e3o iniciar pacotes tur\u00edsticos para o S\u00edtio Hist\u00f3rico e uma das exig\u00eancias deles foi que a via estivesse recapeada para receber o turista&#8221;, recordou o prefeito de Marechal Deodoro.<\/p>\n<p>&nbsp;<\/p>\n<p>O secret\u00e1rio Mosart Amaral classificou a assinatura da ordem de servi\u00e7o como \u201cum momento \u00edmpar&#8221;, por se tratar de uma obra muito aguardada pela popula\u00e7\u00e3o. Ap\u00f3s a solenidade, a comitiva visitou o trecho, cujos trabalhos j\u00e1 come\u00e7aram nesta manh\u00e3.<\/p>\n<p>&nbsp;<\/p>\n<p>&#8220;O governador Renan Filho j\u00e1 tinha priorizado essa grande obra, que hoje estamos colocando em pr\u00e1tica. O programa Pr\u00f3-Estrada, que j\u00e1 vem atuando em todas as regi\u00f5es do Estado, transformando acessos de Norte a Sul, j\u00e1 recuperou um ter\u00e7o da malha vi\u00e1ria alagoana. Essa \u00e9 uma marca hist\u00f3rica\u201d, afirmou Mosart Amaral.<\/p>\n<p>&nbsp;<\/p>\n<\/div>\n<p>Com Agencia Alagoas<\/p>\n<p>Foto: M\u00e1rcio Ferreira<\/p>\n<\/div>\n<span style=\"clear:both;display:none;\"><img src=\"http:\/\/www.muricionline.com.br\/novo\/wp-content\/plugins\/wp-spamfree\/img\/wpsf-img.php\" width=\"0\" height=\"0\" alt=\"\" style=\"border-style:none;width:0px;height:0px;display:none;\" \/><\/span>","protected":false},"excerpt":{"rendered":"<p>&nbsp; Em mais uma a\u00e7\u00e3o do programa Pr\u00f3-Estrada, o governador Renan Filho, o secret\u00e1rio de Estado de Transporte e Desenvolvimento Urbano, Mosart Amaral, e o diretor-presidente do Departamento de Estradas de Rodagem (DER), H\u00e9lder Gazzaneo, assinaram, na manh\u00e3 desta ter\u00e7a-feira (23), a ordem de servi\u00e7o para o in\u00edcio dos trabalhos de recupera\u00e7\u00e3o asf\u00e1ltica da AL-215,&#8230;<\/p>\n","protected":false},"author":1,"featured_media":5685,"comment_status":"open","ping_status":"open","sticky":false,"template":"","format":"standard","meta":{"footnotes":""},"categories":[1],"tags":[5],"_links":{"self":[{"href":"http:\/\/www.muricionline.com.br\/novo\/index.php?rest_route=\/wp\/v2\/posts\/5684"}],"collection":[{"href":"http:\/\/www.muricionline.com.br\/novo\/index.php?rest_route=\/wp\/v2\/posts"}],"about":[{"href":"http:\/\/www.muricionline.com.br\/novo\/index.php?rest_route=\/wp\/v2\/types\/post"}],"author":[{"embeddable":true,"href":"http:\/\/www.muricionline.com.br\/novo\/index.php?rest_route=\/wp\/v2\/users\/1"}],"replies":[{"embeddable":true,"href":"http:\/\/www.muricionline.com.br\/novo\/index.php?rest_route=%2Fwp%2Fv2%2Fcomments&post=5684"}],"version-history":[{"count":1,"href":"http:\/\/www.muricionline.com.br\/novo\/index.php?rest_route=\/wp\/v2\/posts\/5684\/revisions"}],"predecessor-version":[{"id":5686,"href":"http:\/\/www.muricionline.com.br\/novo\/index.php?rest_route=\/wp\/v2\/posts\/5684\/revisions\/5686"}],"wp:featuredmedia":[{"embeddable":true,"href":"http:\/\/www.muricionline.com.br\/novo\/index.php?rest_route=\/wp\/v2\/media\/5685"}],"wp:attachment":[{"href":"http:\/\/www.muricionline.com.br\/novo\/index.php?rest_route=%2Fwp%2Fv2%2Fmedia&parent=5684"}],"wp:term":[{"taxonomy":"category","embeddable":true,"href":"http:\/\/www.muricionline.com.br\/novo\/index.php?rest_route=%2Fwp%2Fv2%2Fcategories&post=5684"},{"taxonomy":"post_tag","embeddable":true,"href":"http:\/\/www.muricionline.com.br\/novo\/index.php?rest_route=%2Fwp%2Fv2%2Ftags&post=5684"}],"curies":[{"name":"wp","href":"https:\/\/api.w.org\/{rel}","templated":true}]}}