{"id":5688,"date":"2017-05-24T17:36:07","date_gmt":"2017-05-24T20:36:07","guid":{"rendered":"http:\/\/www.muricionline.com.br\/novo\/?p=5688"},"modified":"2017-05-24T17:36:07","modified_gmt":"2017-05-24T20:36:07","slug":"prefeitura-de-murici-e-detran-al-realizam-palestra-de-conscientizacao-do-maio-amarelo-com-mototaxistas","status":"publish","type":"post","link":"http:\/\/www.muricionline.com.br\/novo\/?p=5688","title":{"rendered":"Prefeitura de Murici e Detran-AL realizam palestra de conscientiza\u00e7\u00e3o do Maio Amarelo com mototaxistas"},"content":{"rendered":"<p>A Secretaria de Sa\u00fade de Murici, em parceria com o Detran-AL, realizou na manh\u00e3 desta quarta-feira (24), um bate-papo com os mototaxistas de Murici sobre conscientiza\u00e7\u00e3o e seguran\u00e7a no tr\u00e2nsito.<\/p>\n<p><a href=\"http:\/\/www.muricionline.com.br\/novo\/wp-content\/uploads\/2017\/05\/IMG-20170524-WA0249.jpg\"><img loading=\"lazy\" decoding=\"async\" class=\"aligncenter size-full wp-image-5690\" src=\"http:\/\/www.muricionline.com.br\/novo\/wp-content\/uploads\/2017\/05\/IMG-20170524-WA0249.jpg\" alt=\"\" width=\"900\" height=\"564\" srcset=\"http:\/\/www.muricionline.com.br\/novo\/wp-content\/uploads\/2017\/05\/IMG-20170524-WA0249.jpg 900w, http:\/\/www.muricionline.com.br\/novo\/wp-content\/uploads\/2017\/05\/IMG-20170524-WA0249-300x188.jpg 300w, http:\/\/www.muricionline.com.br\/novo\/wp-content\/uploads\/2017\/05\/IMG-20170524-WA0249-768x481.jpg 768w\" sizes=\"(max-width: 900px) 100vw, 900px\" \/><\/a><\/p>\n<p>As a\u00e7\u00f5es fazem parte da Campanha Maio Amarelo e tem o objetivo de tornar o tr\u00e2nsito mais seguro na cidade. Foram apresentadas aos mototaxistas estat\u00edsticas sobre acidentes envolvendo motos e as formas de preven\u00e7\u00e3o e seguran\u00e7a no tr\u00e1fego. Participaram do bate-papo o Secret\u00e1rio de Sa\u00fade de Murici, Ewerton Matias, e o Coordenador de Seguran\u00e7a no Tr\u00e2nsito do Detran-AL, Ant\u00f4nio Monteiro.<\/p>\n<p>&nbsp;<\/p>\n<p>Com Ascom<\/p>\n<span style=\"clear:both;display:none;\"><img src=\"http:\/\/www.muricionline.com.br\/novo\/wp-content\/plugins\/wp-spamfree\/img\/wpsf-img.php\" width=\"0\" height=\"0\" alt=\"\" style=\"border-style:none;width:0px;height:0px;display:none;\" \/><\/span>","protected":false},"excerpt":{"rendered":"<p>A Secretaria de Sa\u00fade de Murici, em parceria com o Detran-AL, realizou na manh\u00e3 desta quarta-feira (24), um bate-papo com os mototaxistas de Murici sobre conscientiza\u00e7\u00e3o e seguran\u00e7a no tr\u00e2nsito. As a\u00e7\u00f5es fazem parte da Campanha Maio Amarelo e tem o objetivo de tornar o tr\u00e2nsito mais seguro na cidade. Foram apresentadas aos mototaxistas estat\u00edsticas&#8230;<\/p>\n","protected":false},"author":1,"featured_media":5689,"comment_status":"open","ping_status":"open","sticky":false,"template":"","format":"standard","meta":{"footnotes":""},"categories":[1],"tags":[5],"_links":{"self":[{"href":"http:\/\/www.muricionline.com.br\/novo\/index.php?rest_route=\/wp\/v2\/posts\/5688"}],"collection":[{"href":"http:\/\/www.muricionline.com.br\/novo\/index.php?rest_route=\/wp\/v2\/posts"}],"about":[{"href":"http:\/\/www.muricionline.com.br\/novo\/index.php?rest_route=\/wp\/v2\/types\/post"}],"author":[{"embeddable":true,"href":"http:\/\/www.muricionline.com.br\/novo\/index.php?rest_route=\/wp\/v2\/users\/1"}],"replies":[{"embeddable":true,"href":"http:\/\/www.muricionline.com.br\/novo\/index.php?rest_route=%2Fwp%2Fv2%2Fcomments&post=5688"}],"version-history":[{"count":1,"href":"http:\/\/www.muricionline.com.br\/novo\/index.php?rest_route=\/wp\/v2\/posts\/5688\/revisions"}],"predecessor-version":[{"id":5691,"href":"http:\/\/www.muricionline.com.br\/novo\/index.php?rest_route=\/wp\/v2\/posts\/5688\/revisions\/5691"}],"wp:featuredmedia":[{"embeddable":true,"href":"http:\/\/www.muricionline.com.br\/novo\/index.php?rest_route=\/wp\/v2\/media\/5689"}],"wp:attachment":[{"href":"http:\/\/www.muricionline.com.br\/novo\/index.php?rest_route=%2Fwp%2Fv2%2Fmedia&parent=5688"}],"wp:term":[{"taxonomy":"category","embeddable":true,"href":"http:\/\/www.muricionline.com.br\/novo\/index.php?rest_route=%2Fwp%2Fv2%2Fcategories&post=5688"},{"taxonomy":"post_tag","embeddable":true,"href":"http:\/\/www.muricionline.com.br\/novo\/index.php?rest_route=%2Fwp%2Fv2%2Ftags&post=5688"}],"curies":[{"name":"wp","href":"https:\/\/api.w.org\/{rel}","templated":true}]}}