{"id":6117,"date":"2017-06-29T14:05:57","date_gmt":"2017-06-29T17:05:57","guid":{"rendered":"http:\/\/www.muricionline.com.br\/novo\/?p=6117"},"modified":"2017-06-29T14:09:56","modified_gmt":"2017-06-29T17:09:56","slug":"alunos-e-professores-do-eja-da-escola-nossa-senhora-das-gracas-encerram-semestre-com-festa-junina","status":"publish","type":"post","link":"http:\/\/www.muricionline.com.br\/novo\/?p=6117","title":{"rendered":"Alunos e professores do EJA da Escola Nossa Senhora das Gra\u00e7as encerram semestre com Festa Junina"},"content":{"rendered":"<p style=\"padding-left: 30px;\">&nbsp;<\/p>\n<p>Nem mesmo a chuva tirou a alegria dos alunos do EJA (Educa\u00e7\u00e3o de Jovens e Adultos), da Escola Municipal Nossa Senhora das Gra\u00e7as, para a Festa Junina realizada na quarta, dia 28.<\/p>\n<p>&nbsp;<\/p>\n<p><a href=\"http:\/\/www.muricionline.com.br\/novo\/wp-content\/uploads\/2017\/06\/received_1589260917760788.jpeg\"><img loading=\"lazy\" decoding=\"async\" class=\"aligncenter size-full wp-image-6118\" src=\"http:\/\/www.muricionline.com.br\/novo\/wp-content\/uploads\/2017\/06\/received_1589260917760788.jpeg\" alt=\"\" width=\"1024\" height=\"693\" srcset=\"http:\/\/www.muricionline.com.br\/novo\/wp-content\/uploads\/2017\/06\/received_1589260917760788.jpeg 1024w, http:\/\/www.muricionline.com.br\/novo\/wp-content\/uploads\/2017\/06\/received_1589260917760788-300x203.jpeg 300w, http:\/\/www.muricionline.com.br\/novo\/wp-content\/uploads\/2017\/06\/received_1589260917760788-768x520.jpeg 768w\" sizes=\"(max-width: 1024px) 100vw, 1024px\" \/><\/a><\/p>\n<p>Promovida e organizada pela dire\u00e7\u00e3o e a coordena\u00e7\u00e3o da escola, a festa teve como objetivo a comemora\u00e7\u00e3o do encerramento das arividades do semestre, e reuniu alunos, professores, representantes da Secretaria Municipal de Educa\u00e7\u00e3o, entre outros convidados.<\/p>\n<p><a href=\"http:\/\/www.muricionline.com.br\/novo\/wp-content\/uploads\/2017\/06\/received_1589261334427413.jpeg\"><img loading=\"lazy\" decoding=\"async\" class=\"aligncenter size-full wp-image-6119\" src=\"http:\/\/www.muricionline.com.br\/novo\/wp-content\/uploads\/2017\/06\/received_1589261334427413.jpeg\" alt=\"\" width=\"1024\" height=\"680\" srcset=\"http:\/\/www.muricionline.com.br\/novo\/wp-content\/uploads\/2017\/06\/received_1589261334427413.jpeg 1024w, http:\/\/www.muricionline.com.br\/novo\/wp-content\/uploads\/2017\/06\/received_1589261334427413-300x199.jpeg 300w, http:\/\/www.muricionline.com.br\/novo\/wp-content\/uploads\/2017\/06\/received_1589261334427413-768x510.jpeg 768w\" sizes=\"(max-width: 1024px) 100vw, 1024px\" \/><\/a><\/p>\n<p>Fotos: Ariston Denisson<\/p>\n<span style=\"clear:both;display:none;\"><img src=\"http:\/\/www.muricionline.com.br\/novo\/wp-content\/plugins\/wp-spamfree\/img\/wpsf-img.php\" width=\"0\" height=\"0\" alt=\"\" style=\"border-style:none;width:0px;height:0px;display:none;\" \/><\/span>","protected":false},"excerpt":{"rendered":"<p>&nbsp; Nem mesmo a chuva tirou a alegria dos alunos do EJA (Educa\u00e7\u00e3o de Jovens e Adultos), da Escola Municipal Nossa Senhora das Gra\u00e7as, para a Festa Junina realizada na quarta, dia 28. &nbsp; Promovida e organizada pela dire\u00e7\u00e3o e a coordena\u00e7\u00e3o da escola, a festa teve como objetivo a comemora\u00e7\u00e3o do encerramento das arividades&#8230;<\/p>\n","protected":false},"author":1,"featured_media":6120,"comment_status":"open","ping_status":"open","sticky":false,"template":"","format":"standard","meta":{"footnotes":""},"categories":[1],"tags":[5],"_links":{"self":[{"href":"http:\/\/www.muricionline.com.br\/novo\/index.php?rest_route=\/wp\/v2\/posts\/6117"}],"collection":[{"href":"http:\/\/www.muricionline.com.br\/novo\/index.php?rest_route=\/wp\/v2\/posts"}],"about":[{"href":"http:\/\/www.muricionline.com.br\/novo\/index.php?rest_route=\/wp\/v2\/types\/post"}],"author":[{"embeddable":true,"href":"http:\/\/www.muricionline.com.br\/novo\/index.php?rest_route=\/wp\/v2\/users\/1"}],"replies":[{"embeddable":true,"href":"http:\/\/www.muricionline.com.br\/novo\/index.php?rest_route=%2Fwp%2Fv2%2Fcomments&post=6117"}],"version-history":[{"count":2,"href":"http:\/\/www.muricionline.com.br\/novo\/index.php?rest_route=\/wp\/v2\/posts\/6117\/revisions"}],"predecessor-version":[{"id":6122,"href":"http:\/\/www.muricionline.com.br\/novo\/index.php?rest_route=\/wp\/v2\/posts\/6117\/revisions\/6122"}],"wp:featuredmedia":[{"embeddable":true,"href":"http:\/\/www.muricionline.com.br\/novo\/index.php?rest_route=\/wp\/v2\/media\/6120"}],"wp:attachment":[{"href":"http:\/\/www.muricionline.com.br\/novo\/index.php?rest_route=%2Fwp%2Fv2%2Fmedia&parent=6117"}],"wp:term":[{"taxonomy":"category","embeddable":true,"href":"http:\/\/www.muricionline.com.br\/novo\/index.php?rest_route=%2Fwp%2Fv2%2Fcategories&post=6117"},{"taxonomy":"post_tag","embeddable":true,"href":"http:\/\/www.muricionline.com.br\/novo\/index.php?rest_route=%2Fwp%2Fv2%2Ftags&post=6117"}],"curies":[{"name":"wp","href":"https:\/\/api.w.org\/{rel}","templated":true}]}}