{"id":6123,"date":"2017-07-01T14:02:39","date_gmt":"2017-07-01T17:02:39","guid":{"rendered":"http:\/\/www.muricionline.com.br\/novo\/?p=6123"},"modified":"2017-07-01T14:06:26","modified_gmt":"2017-07-01T17:06:26","slug":"prefeitura-de-murici-firma-parceria-com-o-ifal-e-oferta-curso-gratuito-para-feirantes-do-municipio","status":"publish","type":"post","link":"http:\/\/www.muricionline.com.br\/novo\/?p=6123","title":{"rendered":"Prefeitura de Murici firma parceria com o IFAL e oferta curso gratuito para feirantes do munic\u00edpio"},"content":{"rendered":"<p>A Prefeitura de Murici, por meio da Secretaria da Ind\u00fastria e Com\u00e9rcio, firmou uma parceria com o Instituto Federal de Alagoas (IFAL) para oferecer um curso gratuito de qualifica\u00e7\u00e3o para os feirantes cadastrados no munic\u00edpio.<\/p>\n<p>&nbsp;<\/p>\n<p>O curso &#8220;Manipula\u00e7\u00e3o e Conserva\u00e7\u00e3o de Alimentos e Gest\u00e3o de Res\u00edduos S\u00f3lidos&#8221; tem o objetivo de orientar e qualificar os feirantes no processo de comercializa\u00e7\u00e3o dos produtos desde a produ\u00e7\u00e3o, compra e venda, al\u00e9m da manuten\u00e7\u00e3o e manipula\u00e7\u00e3o de alimentos ofertados. O curso aborda ainda a conscientiza\u00e7\u00e3o do descarte e produ\u00e7\u00e3o do lixo nas feiras, com dicas de gest\u00e3o dos res\u00edduos s\u00f3lidos.<\/p>\n<p>&nbsp;<\/p>\n<p>As inscri\u00e7\u00f5es acontecem no IFAL campus Murici durante os dias 03 e 04 de julho. Os interessados devem levar RG, CPF e comprovante de resid\u00eancia.<\/p>\n<p>&nbsp;<\/p>\n<p>Todas as aulas ser\u00e3o ministradas no pr\u00f3prio IFAL e come\u00e7am no dia 10 de julho seguindo at\u00e9 30 de novembro, sempre das 13h30 \u00e0s 16h30. As vagas s\u00e3o limitadas e ao final do curso, o feirante receber\u00e1 um certificado de 120 horas. Mais informa\u00e7\u00f5es no n\u00famero: 3286-1486.<\/p>\n<p>&nbsp;<\/p>\n<p>&nbsp;<\/p>\n<p>Por Ascom\/ PM.Murici<\/p>\n<span style=\"clear:both;display:none;\"><img src=\"http:\/\/www.muricionline.com.br\/novo\/wp-content\/plugins\/wp-spamfree\/img\/wpsf-img.php\" width=\"0\" height=\"0\" alt=\"\" style=\"border-style:none;width:0px;height:0px;display:none;\" \/><\/span>","protected":false},"excerpt":{"rendered":"<p>A Prefeitura de Murici, por meio da Secretaria da Ind\u00fastria e Com\u00e9rcio, firmou uma parceria com o Instituto Federal de Alagoas (IFAL) para oferecer um curso gratuito de qualifica\u00e7\u00e3o para os feirantes cadastrados no munic\u00edpio. &nbsp; O curso &#8220;Manipula\u00e7\u00e3o e Conserva\u00e7\u00e3o de Alimentos e Gest\u00e3o de Res\u00edduos S\u00f3lidos&#8221; tem o objetivo de orientar e qualificar&#8230;<\/p>\n","protected":false},"author":1,"featured_media":6128,"comment_status":"open","ping_status":"open","sticky":false,"template":"","format":"standard","meta":{"footnotes":""},"categories":[8,1],"tags":[5],"_links":{"self":[{"href":"http:\/\/www.muricionline.com.br\/novo\/index.php?rest_route=\/wp\/v2\/posts\/6123"}],"collection":[{"href":"http:\/\/www.muricionline.com.br\/novo\/index.php?rest_route=\/wp\/v2\/posts"}],"about":[{"href":"http:\/\/www.muricionline.com.br\/novo\/index.php?rest_route=\/wp\/v2\/types\/post"}],"author":[{"embeddable":true,"href":"http:\/\/www.muricionline.com.br\/novo\/index.php?rest_route=\/wp\/v2\/users\/1"}],"replies":[{"embeddable":true,"href":"http:\/\/www.muricionline.com.br\/novo\/index.php?rest_route=%2Fwp%2Fv2%2Fcomments&post=6123"}],"version-history":[{"count":3,"href":"http:\/\/www.muricionline.com.br\/novo\/index.php?rest_route=\/wp\/v2\/posts\/6123\/revisions"}],"predecessor-version":[{"id":6129,"href":"http:\/\/www.muricionline.com.br\/novo\/index.php?rest_route=\/wp\/v2\/posts\/6123\/revisions\/6129"}],"wp:featuredmedia":[{"embeddable":true,"href":"http:\/\/www.muricionline.com.br\/novo\/index.php?rest_route=\/wp\/v2\/media\/6128"}],"wp:attachment":[{"href":"http:\/\/www.muricionline.com.br\/novo\/index.php?rest_route=%2Fwp%2Fv2%2Fmedia&parent=6123"}],"wp:term":[{"taxonomy":"category","embeddable":true,"href":"http:\/\/www.muricionline.com.br\/novo\/index.php?rest_route=%2Fwp%2Fv2%2Fcategories&post=6123"},{"taxonomy":"post_tag","embeddable":true,"href":"http:\/\/www.muricionline.com.br\/novo\/index.php?rest_route=%2Fwp%2Fv2%2Ftags&post=6123"}],"curies":[{"name":"wp","href":"https:\/\/api.w.org\/{rel}","templated":true}]}}