{"id":6245,"date":"2017-07-14T19:22:36","date_gmt":"2017-07-14T22:22:36","guid":{"rendered":"http:\/\/www.muricionline.com.br\/novo\/?p=6245"},"modified":"2017-07-14T19:29:24","modified_gmt":"2017-07-14T22:29:24","slug":"rodrigo-valenca","status":"publish","type":"post","link":"http:\/\/www.muricionline.com.br\/novo\/?p=6245","title":{"rendered":"Prefeito Rodrigo Valen\u00e7a libera 50% do 13\u00ba sal\u00e1rio e aquece o com\u00e9rcio de S\u00e3o Jos\u00e9 da Laje"},"content":{"rendered":"<p><strong>A&nbsp;valoriza\u00e7\u00e3o do servidor p\u00fablico municipal<\/strong>&nbsp;de S\u00e3o Jos\u00e9 da Laje, sempre foi o firme prop\u00f3sito do prefeito Rodrigo Valen\u00e7a. Pelo 5\u00ba m\u00eas consecutivo o sal\u00e1rio de todos os servidores municipais foram liberados na manh\u00e3 desta sexta-feira,14.<\/p>\n<p>&nbsp;<\/p>\n<p>Inicialmente foram liberados&nbsp;50% do 13\u00ba sal\u00e1rio dos servidores efetivos, o que refletiu diretamente no com\u00e9rcio local com a movimenta\u00e7\u00e3o dos recursos injetados pelo prefeito, Rodrigo Valen\u00e7a.<\/p>\n<p>&nbsp;<\/p>\n<p>Nos \u00faltimos anos, S\u00e3o Jos\u00e9 da Laje, retomou o t\u00edtulo de \u201cPrincesa das Fronteiras\u201d.&nbsp;A cidade&nbsp;se transformou num&nbsp;canteiro de obras. Mesmo em tempos de crise, o prefeito tem uma gest\u00e3o voltada para o desenvolvimento econ\u00f4mico e social do munic\u00edpio.&nbsp;<\/p>\n<p>&nbsp;<\/p>\n<p>Para fazer face ao pagamento do sal\u00e1rio do servidor em dia,&nbsp; atribui\u00e7\u00e3o constitucional, Rodrigo Valen\u00e7a planejou&nbsp;sua gest\u00e3o, pautada em honrar os compromissos assumidos. Hoje ele mandou creditar 50% do 13\u00ba terceiro no primeiro semestre atribui\u00e7\u00e3o de poucos gestores alagoanos. A decis\u00e3o foi tomada com base na despesa e receita do munic\u00edpio, que tornou o pagamento poss\u00edvel, proporcionando um rendimento extra aos funcion\u00e1rios p\u00fablicos efetivos neste final de primeiro semestre.<\/p>\n<p>&nbsp;<\/p>\n<p>Desde que assumiu, Rodrigo Valen\u00e7a tem entre suas prioridades, o pagamento em dia dos sal\u00e1rios, e incluiu o pagamento de 50% do 13\u00ba, como um benef\u00edcio que n\u00e3o era concedido&nbsp;em gest\u00f5es passadas.<\/p>\n<p>&nbsp;<\/p>\n<p>\u201cAp\u00f3s amplo estudo cont\u00e1bil, feito pelos t\u00e9cnicos e secret\u00e1rios do munic\u00edpio,&nbsp;o prefeito Rodrigo Valen\u00e7a&nbsp;autorizou o pagamento da metade do d\u00e9cimo terceiro sal\u00e1rio, garantindo&nbsp; aos&nbsp;servidores uma renda que extra. O objetivo do prefeito era que a sua a\u00e7\u00e3o administrativa n\u00e3o sofresse solu\u00e7\u00e3o de continuidade e, foi exatamente o que aconteceu&#8221;&nbsp;, ponderou Cinthya Lopes, secret\u00e1ria municipal de Finan\u00e7as.<\/p>\n<p>&nbsp;<\/p>\n<p>Com essa medida o munic\u00edpio de S\u00e3o Jos\u00e9 da Laje demonstra a sua capacidade financeira aos servidores no meio do ano.&nbsp;De acordo com o prefeito,&nbsp;&#8220;a antecipa\u00e7\u00e3o s\u00f3 foi poss\u00edvel porque o munic\u00edpio manteve uma reserva t\u00e9cnica de recursos, objetivando efetuar o pagamento desse benef\u00edcio&#8221;, disse ao blog.<\/p>\n<p>&nbsp;<\/p>\n<p>\u201cEstamos fazendo obras&nbsp;estruturantes desde o in\u00edcio do ano, com investimentos na&nbsp;\u00e1rea&nbsp;da sa\u00fade, educa\u00e7\u00e3o, do lazer. Sem descuidar do or\u00e7amento com o qual estamos trabalhando. Os funcion\u00e1rios s\u00e3o fundamentais para o bom&nbsp;andamento do munic\u00edpio, e n\u00f3s entendemos isso.&nbsp; Isto nos orgulha e nos d\u00e1 a certeza de que estamos no caminho certo na administra\u00e7\u00e3o de S\u00e3o Jos\u00e9 da Laje\u201d, finalizou o prefeito Rodrigo Valen\u00e7a.<\/p>\n<p>&nbsp;<\/p>\n<p>&nbsp;<\/p>\n<p>Com Ivan Nunes<\/p>\n<span style=\"clear:both;display:none;\"><img src=\"http:\/\/www.muricionline.com.br\/novo\/wp-content\/plugins\/wp-spamfree\/img\/wpsf-img.php\" width=\"0\" height=\"0\" alt=\"\" style=\"border-style:none;width:0px;height:0px;display:none;\" \/><\/span>","protected":false},"excerpt":{"rendered":"<p>A&nbsp;valoriza\u00e7\u00e3o do servidor p\u00fablico municipal&nbsp;de S\u00e3o Jos\u00e9 da Laje, sempre foi o firme prop\u00f3sito do prefeito Rodrigo Valen\u00e7a. Pelo 5\u00ba m\u00eas consecutivo o sal\u00e1rio de todos os servidores municipais foram liberados na manh\u00e3 desta sexta-feira,14. &nbsp; Inicialmente foram liberados&nbsp;50% do 13\u00ba sal\u00e1rio dos servidores efetivos, o que refletiu diretamente no com\u00e9rcio local com a movimenta\u00e7\u00e3o&#8230;<\/p>\n","protected":false},"author":1,"featured_media":6250,"comment_status":"open","ping_status":"open","sticky":false,"template":"","format":"standard","meta":{"footnotes":""},"categories":[8,1],"tags":[5],"_links":{"self":[{"href":"http:\/\/www.muricionline.com.br\/novo\/index.php?rest_route=\/wp\/v2\/posts\/6245"}],"collection":[{"href":"http:\/\/www.muricionline.com.br\/novo\/index.php?rest_route=\/wp\/v2\/posts"}],"about":[{"href":"http:\/\/www.muricionline.com.br\/novo\/index.php?rest_route=\/wp\/v2\/types\/post"}],"author":[{"embeddable":true,"href":"http:\/\/www.muricionline.com.br\/novo\/index.php?rest_route=\/wp\/v2\/users\/1"}],"replies":[{"embeddable":true,"href":"http:\/\/www.muricionline.com.br\/novo\/index.php?rest_route=%2Fwp%2Fv2%2Fcomments&post=6245"}],"version-history":[{"count":3,"href":"http:\/\/www.muricionline.com.br\/novo\/index.php?rest_route=\/wp\/v2\/posts\/6245\/revisions"}],"predecessor-version":[{"id":6251,"href":"http:\/\/www.muricionline.com.br\/novo\/index.php?rest_route=\/wp\/v2\/posts\/6245\/revisions\/6251"}],"wp:featuredmedia":[{"embeddable":true,"href":"http:\/\/www.muricionline.com.br\/novo\/index.php?rest_route=\/wp\/v2\/media\/6250"}],"wp:attachment":[{"href":"http:\/\/www.muricionline.com.br\/novo\/index.php?rest_route=%2Fwp%2Fv2%2Fmedia&parent=6245"}],"wp:term":[{"taxonomy":"category","embeddable":true,"href":"http:\/\/www.muricionline.com.br\/novo\/index.php?rest_route=%2Fwp%2Fv2%2Fcategories&post=6245"},{"taxonomy":"post_tag","embeddable":true,"href":"http:\/\/www.muricionline.com.br\/novo\/index.php?rest_route=%2Fwp%2Fv2%2Ftags&post=6245"}],"curies":[{"name":"wp","href":"https:\/\/api.w.org\/{rel}","templated":true}]}}