{"id":6253,"date":"2017-07-14T20:22:12","date_gmt":"2017-07-14T23:22:12","guid":{"rendered":"http:\/\/www.muricionline.com.br\/novo\/?p=6253"},"modified":"2017-07-14T20:27:44","modified_gmt":"2017-07-14T23:27:44","slug":"morre-aos-83-anos-clementino-damasceno-ex-prefeito-de-murici-na-decada-de-70","status":"publish","type":"post","link":"http:\/\/www.muricionline.com.br\/novo\/?p=6253","title":{"rendered":"Morre aos 83 anos Clementino Damasceno, ex-prefeito de Murici na d\u00e9cada de 70"},"content":{"rendered":"<p>O ex-prefeito de Murici,&nbsp; Clementino Ver\u00e7osa Damasceno,&nbsp; morreu na madrugada desta sexta-feira (14), aos 83 anos. O corpo foi velado e enterrado no Cemit\u00e9rio Parque das Flores em Macei\u00f3.<\/p>\n<p>&nbsp;<\/p>\n<p dir=\"ltr\">Clementino foi prefeito de Murici no in\u00edcio da d\u00e9cada de 70 e sua gest\u00e3o foi marcada por importantes obras para o munic\u00edpio, como o Mercado Municipal e a Pra\u00e7a Padre C\u00edcero. Foi tamb\u00e9m fundador e diretor da Escola Municipal Nossa Senhora das Gra\u00e7as e conselheiro do Centro Universit\u00e1rio Cesmac.<\/p>\n<p dir=\"ltr\">&nbsp;<\/p>\n<p dir=\"ltr\">O ex-prefeito deixou esposa, Maria Jos\u00e9 Carneiro Damasceno, a Dona Zita, e quatro filhos, entre eles o cantor M\u00e1cleim Carneiro.<\/p>\n<p dir=\"ltr\"><a href=\"http:\/\/www.muricionline.com.br\/novo\/wp-content\/uploads\/2017\/07\/IMG-20170714-WA0231.jpg\"><img loading=\"lazy\" decoding=\"async\" class=\"aligncenter size-full wp-image-6255\" src=\"http:\/\/www.muricionline.com.br\/novo\/wp-content\/uploads\/2017\/07\/IMG-20170714-WA0231.jpg\" alt=\"\" width=\"1280\" height=\"960\" srcset=\"http:\/\/www.muricionline.com.br\/novo\/wp-content\/uploads\/2017\/07\/IMG-20170714-WA0231.jpg 1280w, http:\/\/www.muricionline.com.br\/novo\/wp-content\/uploads\/2017\/07\/IMG-20170714-WA0231-300x225.jpg 300w, http:\/\/www.muricionline.com.br\/novo\/wp-content\/uploads\/2017\/07\/IMG-20170714-WA0231-768x576.jpg 768w, http:\/\/www.muricionline.com.br\/novo\/wp-content\/uploads\/2017\/07\/IMG-20170714-WA0231-1024x768.jpg 1024w\" sizes=\"(max-width: 1280px) 100vw, 1280px\" \/><\/a><\/p>\n<p dir=\"ltr\">Da Reda\u00e7\u00e3o<\/p>\n<p dir=\"ltr\">Foto: Cortesia<\/p>\n<span style=\"clear:both;display:none;\"><img src=\"http:\/\/www.muricionline.com.br\/novo\/wp-content\/plugins\/wp-spamfree\/img\/wpsf-img.php\" width=\"0\" height=\"0\" alt=\"\" style=\"border-style:none;width:0px;height:0px;display:none;\" \/><\/span>","protected":false},"excerpt":{"rendered":"<p>O ex-prefeito de Murici,&nbsp; Clementino Ver\u00e7osa Damasceno,&nbsp; morreu na madrugada desta sexta-feira (14), aos 83 anos. O corpo foi velado e enterrado no Cemit\u00e9rio Parque das Flores em Macei\u00f3. &nbsp; Clementino foi prefeito de Murici no in\u00edcio da d\u00e9cada de 70 e sua gest\u00e3o foi marcada por importantes obras para o munic\u00edpio, como o Mercado&#8230;<\/p>\n","protected":false},"author":1,"featured_media":6254,"comment_status":"open","ping_status":"open","sticky":false,"template":"","format":"standard","meta":{"footnotes":""},"categories":[1],"tags":[5],"_links":{"self":[{"href":"http:\/\/www.muricionline.com.br\/novo\/index.php?rest_route=\/wp\/v2\/posts\/6253"}],"collection":[{"href":"http:\/\/www.muricionline.com.br\/novo\/index.php?rest_route=\/wp\/v2\/posts"}],"about":[{"href":"http:\/\/www.muricionline.com.br\/novo\/index.php?rest_route=\/wp\/v2\/types\/post"}],"author":[{"embeddable":true,"href":"http:\/\/www.muricionline.com.br\/novo\/index.php?rest_route=\/wp\/v2\/users\/1"}],"replies":[{"embeddable":true,"href":"http:\/\/www.muricionline.com.br\/novo\/index.php?rest_route=%2Fwp%2Fv2%2Fcomments&post=6253"}],"version-history":[{"count":3,"href":"http:\/\/www.muricionline.com.br\/novo\/index.php?rest_route=\/wp\/v2\/posts\/6253\/revisions"}],"predecessor-version":[{"id":6258,"href":"http:\/\/www.muricionline.com.br\/novo\/index.php?rest_route=\/wp\/v2\/posts\/6253\/revisions\/6258"}],"wp:featuredmedia":[{"embeddable":true,"href":"http:\/\/www.muricionline.com.br\/novo\/index.php?rest_route=\/wp\/v2\/media\/6254"}],"wp:attachment":[{"href":"http:\/\/www.muricionline.com.br\/novo\/index.php?rest_route=%2Fwp%2Fv2%2Fmedia&parent=6253"}],"wp:term":[{"taxonomy":"category","embeddable":true,"href":"http:\/\/www.muricionline.com.br\/novo\/index.php?rest_route=%2Fwp%2Fv2%2Fcategories&post=6253"},{"taxonomy":"post_tag","embeddable":true,"href":"http:\/\/www.muricionline.com.br\/novo\/index.php?rest_route=%2Fwp%2Fv2%2Ftags&post=6253"}],"curies":[{"name":"wp","href":"https:\/\/api.w.org\/{rel}","templated":true}]}}