{"id":6270,"date":"2017-07-18T05:40:32","date_gmt":"2017-07-18T08:40:32","guid":{"rendered":"http:\/\/www.muricionline.com.br\/novo\/?p=6270"},"modified":"2017-07-18T05:40:32","modified_gmt":"2017-07-18T08:40:32","slug":"governador-entrega-15-ambulancias-para-transporte-sanitario-nesta-terca-feira-18","status":"publish","type":"post","link":"http:\/\/www.muricionline.com.br\/novo\/?p=6270","title":{"rendered":"Governador entrega 15 ambul\u00e2ncias para transporte sanit\u00e1rio nesta ter\u00e7a-feira (18)"},"content":{"rendered":"<p>O governador Renan Filho e o secret\u00e1rio de Estado da Sa\u00fade, Christian Teixeira, entregam nesta ter\u00e7a-feira (18) 15 ambul\u00e2ncias destinadas ao Servi\u00e7o de Transporte Sanit\u00e1rio, ou seja, \u00e0 transfer\u00eancia de pacientes do Sistema \u00danico de Sa\u00fade (SUS) entre unidades de sa\u00fade da capital e interior do Estado.<\/p>\n<div class=\"itemBody\">\n<div class=\"itemFullText\">\n<p>&nbsp;<\/p>\n<p>A solenidade acontece a partir das 9h, no estacionamento do Memorial da Rep\u00fablica, bairro do Jaragu\u00e1, em Macei\u00f3.&nbsp;<\/p>\n<p>&nbsp;<\/p>\n<p>Para reestruturar o Servi\u00e7o de Transporte Sanit\u00e1rio, o Governo do Estado est\u00e1 investindo R$ 2,8 milh\u00f5es em recursos pr\u00f3prios. As ambul\u00e2ncias entregues nesta ter\u00e7a-feira ficar\u00e3o \u00e0 disposi\u00e7\u00e3o das unidades p\u00fablicas de sa\u00fade do Estado nos munic\u00edpios de Macei\u00f3, Arapiraca, Piranhas, \u00c1gua Branca e Delmiro Gouveia.<\/p>\n<p>&nbsp;<\/p>\n<p>O refor\u00e7o da frota vai aliviar a demanda sobre o Servi\u00e7o de Atendimento M\u00f3vel de Urg\u00eancia (Samu) no deslocamento de pacientes. O Servi\u00e7o de Transporte Sanit\u00e1rio foi instalado pelo Governo de Alagoas em julho de 2016 e j\u00e1 realizou mais de tr\u00eas mil transfer\u00eancias em um ano de funcionamento.<\/p>\n<p>&nbsp;<\/p>\n<p><strong>Investimento<\/strong><\/p>\n<p>Para reestruturar o Servi\u00e7o de Transporte Sanit\u00e1rio, o Governo do Estado est\u00e1 investindo R$ 2,8 milh\u00f5es, cujos recursos s\u00e3o oriundos do Tesouro Estadual. As novas ambul\u00e2ncias seguem todas as diretrizes exigidas pelas portarias sanit\u00e1rias do Minist\u00e9rio da Sa\u00fade, aprovadas em mar\u00e7o deste ano, por meio da Comiss\u00e3o Intergestores Tripartite (CIT).<\/p>\n<p>&nbsp;<\/p>\n<p>Os novos ve\u00edculos, segundo o secret\u00e1rio de Estado da Sa\u00fade, Christian Teixeira, ir\u00e3o qualificar a assist\u00eancia principalmente aos pacientes acamados e, devido uma conduta m\u00e9dica, precisar\u00e3o ser transferidos do hospital onde est\u00e3o para outra unidade. \u201cCom isso, n\u00e3o ser\u00e1 mais necess\u00e1rio que as ambul\u00e2ncias do Samu [Servi\u00e7o de Atendimento M\u00f3vel de Urg\u00eancia] sejam utilizadas para transportar um paciente de um hospital para outro\u201d, salientou.<\/p>\n<p>&nbsp;<\/p>\n<p><strong>Servi\u00e7o:<\/strong>&nbsp;Renan filho entrega 15 ambul\u00e2ncias para transporte sanit\u00e1rio<\/p>\n<p>Data: Ter\u00e7a-feira, 18 de julho<\/p>\n<p>Hor\u00e1rio: 9h<\/p>\n<p>Local: Avenida Assis Chateaubriand, bairro de Jaragu\u00e1, em Macei\u00f3.<\/p>\n<\/div>\n<\/div>\n<p style=\"text-align: center;\">&nbsp;<\/p>\n<p>Com Ag\u00eancia Alagoas<\/p>\n<p>Foto: Olival Santos<\/p>\n<span style=\"clear:both;display:none;\"><img src=\"http:\/\/www.muricionline.com.br\/novo\/wp-content\/plugins\/wp-spamfree\/img\/wpsf-img.php\" width=\"0\" height=\"0\" alt=\"\" style=\"border-style:none;width:0px;height:0px;display:none;\" \/><\/span>","protected":false},"excerpt":{"rendered":"<p>O governador Renan Filho e o secret\u00e1rio de Estado da Sa\u00fade, Christian Teixeira, entregam nesta ter\u00e7a-feira (18) 15 ambul\u00e2ncias destinadas ao Servi\u00e7o de Transporte Sanit\u00e1rio, ou seja, \u00e0 transfer\u00eancia de pacientes do Sistema \u00danico de Sa\u00fade (SUS) entre unidades de sa\u00fade da capital e interior do Estado. &nbsp; A solenidade acontece a partir das 9h,&#8230;<\/p>\n","protected":false},"author":1,"featured_media":6271,"comment_status":"open","ping_status":"open","sticky":false,"template":"","format":"standard","meta":{"footnotes":""},"categories":[7,1],"tags":[5],"_links":{"self":[{"href":"http:\/\/www.muricionline.com.br\/novo\/index.php?rest_route=\/wp\/v2\/posts\/6270"}],"collection":[{"href":"http:\/\/www.muricionline.com.br\/novo\/index.php?rest_route=\/wp\/v2\/posts"}],"about":[{"href":"http:\/\/www.muricionline.com.br\/novo\/index.php?rest_route=\/wp\/v2\/types\/post"}],"author":[{"embeddable":true,"href":"http:\/\/www.muricionline.com.br\/novo\/index.php?rest_route=\/wp\/v2\/users\/1"}],"replies":[{"embeddable":true,"href":"http:\/\/www.muricionline.com.br\/novo\/index.php?rest_route=%2Fwp%2Fv2%2Fcomments&post=6270"}],"version-history":[{"count":1,"href":"http:\/\/www.muricionline.com.br\/novo\/index.php?rest_route=\/wp\/v2\/posts\/6270\/revisions"}],"predecessor-version":[{"id":6272,"href":"http:\/\/www.muricionline.com.br\/novo\/index.php?rest_route=\/wp\/v2\/posts\/6270\/revisions\/6272"}],"wp:featuredmedia":[{"embeddable":true,"href":"http:\/\/www.muricionline.com.br\/novo\/index.php?rest_route=\/wp\/v2\/media\/6271"}],"wp:attachment":[{"href":"http:\/\/www.muricionline.com.br\/novo\/index.php?rest_route=%2Fwp%2Fv2%2Fmedia&parent=6270"}],"wp:term":[{"taxonomy":"category","embeddable":true,"href":"http:\/\/www.muricionline.com.br\/novo\/index.php?rest_route=%2Fwp%2Fv2%2Fcategories&post=6270"},{"taxonomy":"post_tag","embeddable":true,"href":"http:\/\/www.muricionline.com.br\/novo\/index.php?rest_route=%2Fwp%2Fv2%2Ftags&post=6270"}],"curies":[{"name":"wp","href":"https:\/\/api.w.org\/{rel}","templated":true}]}}