{"id":6388,"date":"2017-08-02T08:46:54","date_gmt":"2017-08-02T11:46:54","guid":{"rendered":"http:\/\/www.muricionline.com.br\/novo\/?p=6388"},"modified":"2017-08-02T08:46:54","modified_gmt":"2017-08-02T11:46:54","slug":"familias-que-ocupam-terreno-em-murici-poderao-ficar-na-area-por-mais-120-dias","status":"publish","type":"post","link":"http:\/\/www.muricionline.com.br\/novo\/?p=6388","title":{"rendered":"Fam\u00edlias que ocupam terreno em Murici poder\u00e3o ficar na \u00e1rea por mais 120 dias"},"content":{"rendered":"<p>As quase 400 fam\u00edlias que ocupam, h\u00e1 cerca de dois meses, um terreno no munic\u00edpio de Murici poder\u00e3o ficar na \u00e1rea por mais 120 dias. O acordo, que ainda ser\u00e1 levado pela Frente Nacional de Luta (FNL) \u00e0s fam\u00edlias, foi firmado durante audi\u00eancia de concilia\u00e7\u00e3o no Tribunal de Justi\u00e7a de Alagoas (TJ\/AL), nesta ter\u00e7a-feira (1\u00ba).<\/p>\n<div class=\"td-post-content\">\n<p>Durante esse prazo, o movimento pleitear\u00e1, junto ao Minist\u00e9rio das Cidades, a libera\u00e7\u00e3o de verbas para a constru\u00e7\u00e3o de casas. \u201cFicou acordado que o movimento lutar\u00e1 em Bras\u00edlia pelas unidades habitacionais. Eles nos disseram que h\u00e1 a garantia dessas unidades para o Nordeste. Havendo a ades\u00e3o do munic\u00edpio de Murici ao programa, a Prefeitura se compromete a disponibilizar o terreno para a constru\u00e7\u00e3o das casas\u201d, disse o prefeito Olavo Calheiros Novaes Neto, que participou da audi\u00eancia no TJ\/AL.<\/p>\n<p>De acordo com um dos coordenadores da FNL, Paulo Silva de Oliveira, o movimento far\u00e1 mobiliza\u00e7\u00e3o em Bras\u00edlia j\u00e1 no pr\u00f3ximo dia 9, para pleitear a libera\u00e7\u00e3o das verbas. \u201cTemos uma boa negocia\u00e7\u00e3o com o Minist\u00e9rio das Cidades e temos algumas cotas de habita\u00e7\u00f5es. Vamos articular para que o povo tenha a sua pr\u00f3pria casa\u201d, afirmou o coordenador. Caso os recursos n\u00e3o sejam obtidos, as fam\u00edlias ter\u00e3o que desocupar a \u00e1rea.<\/p>\n<p>A audi\u00eancia no TJ\/AL foi conduzida pelo desembargador Tutm\u00e9s Airan, que no \u00faltimo dia 20 determinou a suspens\u00e3o da reintegra\u00e7\u00e3o de posse do terreno ocupado. Para o desembargador, a solu\u00e7\u00e3o negociada entre as partes \u00e9 a melhor maneira de resolver os lit\u00edgios.<\/p>\n<p>\u201cEssa t\u00e9cnica, sobretudo nos conflitos coletivos graves, \u00e9 importante porque a gente fala olho no olho, de maneira muito franca com todos os envolvidos. A inten\u00e7\u00e3o \u00e9 construir uma solu\u00e7\u00e3o conjunta, que \u00e9 melhor do que simplesmente mandar desocupar uma \u00e1rea\u201d.<\/p>\n<p>&nbsp;<\/p>\n<\/div>\n<p>Com tribunadeuniao.com.br<\/p>\n<span style=\"clear:both;display:none;\"><img src=\"http:\/\/www.muricionline.com.br\/novo\/wp-content\/plugins\/wp-spamfree\/img\/wpsf-img.php\" width=\"0\" height=\"0\" alt=\"\" style=\"border-style:none;width:0px;height:0px;display:none;\" \/><\/span>","protected":false},"excerpt":{"rendered":"<p>As quase 400 fam\u00edlias que ocupam, h\u00e1 cerca de dois meses, um terreno no munic\u00edpio de Murici poder\u00e3o ficar na \u00e1rea por mais 120 dias. O acordo, que ainda ser\u00e1 levado pela Frente Nacional de Luta (FNL) \u00e0s fam\u00edlias, foi firmado durante audi\u00eancia de concilia\u00e7\u00e3o no Tribunal de Justi\u00e7a de Alagoas (TJ\/AL), nesta ter\u00e7a-feira (1\u00ba)&#8230;.<\/p>\n","protected":false},"author":1,"featured_media":6389,"comment_status":"open","ping_status":"open","sticky":false,"template":"","format":"standard","meta":{"footnotes":""},"categories":[1],"tags":[5],"_links":{"self":[{"href":"http:\/\/www.muricionline.com.br\/novo\/index.php?rest_route=\/wp\/v2\/posts\/6388"}],"collection":[{"href":"http:\/\/www.muricionline.com.br\/novo\/index.php?rest_route=\/wp\/v2\/posts"}],"about":[{"href":"http:\/\/www.muricionline.com.br\/novo\/index.php?rest_route=\/wp\/v2\/types\/post"}],"author":[{"embeddable":true,"href":"http:\/\/www.muricionline.com.br\/novo\/index.php?rest_route=\/wp\/v2\/users\/1"}],"replies":[{"embeddable":true,"href":"http:\/\/www.muricionline.com.br\/novo\/index.php?rest_route=%2Fwp%2Fv2%2Fcomments&post=6388"}],"version-history":[{"count":1,"href":"http:\/\/www.muricionline.com.br\/novo\/index.php?rest_route=\/wp\/v2\/posts\/6388\/revisions"}],"predecessor-version":[{"id":6390,"href":"http:\/\/www.muricionline.com.br\/novo\/index.php?rest_route=\/wp\/v2\/posts\/6388\/revisions\/6390"}],"wp:featuredmedia":[{"embeddable":true,"href":"http:\/\/www.muricionline.com.br\/novo\/index.php?rest_route=\/wp\/v2\/media\/6389"}],"wp:attachment":[{"href":"http:\/\/www.muricionline.com.br\/novo\/index.php?rest_route=%2Fwp%2Fv2%2Fmedia&parent=6388"}],"wp:term":[{"taxonomy":"category","embeddable":true,"href":"http:\/\/www.muricionline.com.br\/novo\/index.php?rest_route=%2Fwp%2Fv2%2Fcategories&post=6388"},{"taxonomy":"post_tag","embeddable":true,"href":"http:\/\/www.muricionline.com.br\/novo\/index.php?rest_route=%2Fwp%2Fv2%2Ftags&post=6388"}],"curies":[{"name":"wp","href":"https:\/\/api.w.org\/{rel}","templated":true}]}}