{"id":6484,"date":"2017-08-22T09:15:46","date_gmt":"2017-08-22T12:15:46","guid":{"rendered":"http:\/\/www.muricionline.com.br\/novo\/?p=6484"},"modified":"2017-08-22T09:17:24","modified_gmt":"2017-08-22T12:17:24","slug":"governador","status":"publish","type":"post","link":"http:\/\/www.muricionline.com.br\/novo\/?p=6484","title":{"rendered":"Governador lan\u00e7a For\u00e7a Tarefa e reinaugura Delegacia Regional de S\u00e3o Miguel dos Campos"},"content":{"rendered":"<p>Lan\u00e7amento do Programa For\u00e7a Tarefa, entrega da reforma da 6\u00b0 Delegacia Regional de Pol\u00edcia Civil e cess\u00e3o do pr\u00e9dio da Secretaria de Estado da Fazenda (Sefaz) \u00e0 Associa\u00e7\u00e3o Empresarial e Comercial Miguelense. Essa foi a agenda cumprida, na manh\u00e3 e tarde desta segunda-feira (21), pelo governador Renan Filho, em S\u00e3o Miguel dos Campos, a cerca de 60 km de Macei\u00f3.<\/p>\n<div class=\"itemBody\">\n<div class=\"itemFullText\">\n<p>&nbsp;<\/p>\n<p>Renan Filho afirmou que S\u00e3o Miguel dos Campos est\u00e1 no centro dos investimentos em infraestrutura do Governo do Estado e destacou a import\u00e2ncia econ\u00f4mica do munic\u00edpio para o desenvolvimento de Alagoas.<\/p>\n<p>&nbsp;<\/p>\n<p><img decoding=\"async\" src=\"http:\/\/www.agenciaalagoas.al.gov.br\/images\/NOTICIAS_2017\/08_AGOSTO\/semana_04\/2108_FORCA_TAREFA.jpg\" alt=\"\"><\/p>\n<p>&nbsp;<\/p>\n<p>&#8220;N\u00f3s j\u00e1 abrimos a UPA [Unidade de Pronto Atendimento], que j\u00e1 atendeu mais de 30 mil pessoas; fizemos o primeiro investimento no Conjunto H\u00e9lio Jatob\u00e1 e vamos avan\u00e7ar mais. Estamos fazendo um amplo projeto para ampliar a obra de drenagem e pavimenta\u00e7\u00e3o. L\u00e1, temos ainda uma escola de n\u00edvel m\u00e9dio pronta, j\u00e1 constru\u00edda. Estamos lan\u00e7ando o For\u00e7a Tarefa e entregando a reforma da Delegacia Regional. Dessa forma, quero colocar S\u00e3o Miguel dos Campos no Centro do nosso plano de desenvolvimento para essa regi\u00e3o&#8221;, revelou o governador.&nbsp;<\/p>\n<p>&nbsp;<\/p>\n<p>O Programa For\u00e7a Tarefa representar\u00e1 um incremento di\u00e1rio de 12 policiais militares lotados na 1\u00aa Companhia Independente do 3\u00b0 Batalh\u00e3o de Pol\u00edcia Militar (3\u00b0 BPM). O governador entregou tr\u00eas novas viaturas (caminhonetes) que ser\u00e3o utilizadas no patrulhamento das ruas de S\u00e3o Miguel dos Campos.<\/p>\n<p>&nbsp;<\/p>\n<p>O programa j\u00e1 atua nos munic\u00edpios de Macei\u00f3, Arapiraca, Cajueiro, Girau do Ponciano, Maragogi, Ouro Branco, Santana do Ipanema, Palmeira dos \u00cdndios, Penedo e Uni\u00e3o dos Palmares.<\/p>\n<p>&nbsp;<\/p>\n<p>&#8220;O For\u00e7a Tarefa chega a S\u00e3o Miguel dos Campos com 12 policiais a mais por dia contratados em dia de folga, o que vai garantir mais seguran\u00e7a nas ruas da cidade, que j\u00e1 se destaca pela sua capacidade de promover seguran\u00e7a, por meio da articula\u00e7\u00e3o entre o munic\u00edpio e o Governo do Estado&#8221;, salientou Renan Filho.<\/p>\n<p>&nbsp;<\/p>\n<p>S\u00e3o Miguel dos Campos foi avaliado no ranking Connected Smart Cities da Urban Systems como o terceiro munic\u00edpio brasileiro com o melhor \u00edndice de seguran\u00e7a do Pa\u00eds, conforme publica\u00e7\u00e3o do site da revista Exame. A queda na taxa de homic\u00eddios foi um dos seis fatores que levaram o munic\u00edpio a figurar na terceira posi\u00e7\u00e3o, atr\u00e1s apenas de Vinhedo (SP) e Ipojuca (PE).<\/p>\n<p>&nbsp;<\/p>\n<p>O prefeito de S\u00e3o Miguel dos Campos, Pedro Jatob\u00e1, o \u2018Pedoca\u2019, destacou a integra\u00e7\u00e3o entre as for\u00e7as policiais do Estado e a Guarda Civil Municipal para a obten\u00e7\u00e3o dos baixos \u00edndices de viol\u00eancia registrados na cidade.<\/p>\n<p>&nbsp;<\/p>\n<p>&#8220;S\u00e3o Miguel dos Campos \u00e9 a terceira cidade mais segura do Pa\u00eds e isso nos d\u00e1 tranquilidade em saber que o trabalho est\u00e1 sendo bem feito. Quero agradecer ao governador em nome de todo o povo de S\u00e3o Miguel dos Campos. O munic\u00edpio de tornou uma terra f\u00e9rtil, onde o governador planta uma semente e n\u00f3s conseguimos adub\u00e1-la, fazendo-a crescer&#8221;, declarou o prefeito.<\/p>\n<p>&nbsp;<\/p>\n<p>Apesar dos bons resultados, Renan Filho afirmou que n\u00e3o se pode baixar a guarda. Por isso, o Governo do Estado refor\u00e7a os investimentos em seguran\u00e7a p\u00fablica no munic\u00edpio de S\u00e3o Miguel dos Campos. &#8220;\u00c9 \u00f3bvio que precisamos fazer muito mais, e o que estamos fazendo aqui, hoje, \u00e9 justamente isso: dando sequ\u00eancia aos trabalhos&#8221;, acrescentou.<\/p>\n<p>&nbsp;<\/p>\n<p>Depois de seis anos fechado, o pr\u00e9dio da Delegacia Regional de S\u00e3o Miguel dos Campos foi reaberto, ap\u00f3s uma reforma geral. Os servi\u00e7os da Pol\u00edcia Civil estavam sendo executados em im\u00f3vel alugado. Foram investidos na obra R$ 210 mil, recursos do Tesouro Estadual.<\/p>\n<p>&nbsp;<\/p>\n<p><img decoding=\"async\" src=\"http:\/\/www.agenciaalagoas.al.gov.br\/images\/NOTICIAS_2017\/08_AGOSTO\/semana_04\/2108_DELEGACIA_2.JPG\" alt=\"\"><\/p>\n<p>&nbsp;<\/p>\n<p>O governador, o secret\u00e1rio adjunto de Seguran\u00e7a P\u00fablica, Ac\u00e1cio J\u00fanior, e o prefeito de S\u00e3o Miguel dos Campos fizeram o desenlace da fita e descerraram a placa de inaugura\u00e7\u00e3o da Delegacia Regional, onde tamb\u00e9m funciona o N\u00facleo de Atendimento \u00e0 Mulher.<\/p>\n<p>&nbsp;<\/p>\n<p>A solenidade foi prestigiada pelos secret\u00e1rios de Estado da Fazenda, George Santoro; do Desenvolvimento Econ\u00f4mico e Turismo, H\u00e9lder Lima; de Preven\u00e7\u00e3o \u00e0 Viol\u00eancia, Esvalda Bitencourt; do comandante-geral da PM\/AL, Marcos Sampaio; da delegada-geral adjunta, K\u00e1tia Emanuelle; al\u00e9m de deputados, prefeitos de munic\u00edpios da regi\u00e3o, vereadores, dentre outras autoridades.<\/p>\n<p>&nbsp;<\/p>\n<p>A Delegacia Regional concentra, durante os plant\u00f5es, os servi\u00e7os das delegacias municipais de Teot\u00f4nio Vilela, Junqueiro, Campo Alegre, Anadia, Jequi\u00e1 da Praia e Roteiro.<\/p>\n<p>&nbsp;<\/p>\n<p><strong>Associa\u00e7\u00e3o<\/strong><\/p>\n<p><strong>&nbsp;<\/strong><\/p>\n<p>Logo ap\u00f3s, a comitiva seguiu para a sede da Associa\u00e7\u00e3o Empresarial e Comercial de S\u00e3o Miguel dos Campos, que foi inaugurada. A solenidade foi prestigiada pelo presidente da Federa\u00e7\u00e3o de Associa\u00e7\u00f5es Comerciais do Estado de Alagoas, Kennedy Calheiros; pelo deputado federal Givaldo Carimb\u00e3o, dentre outras autoridades.<\/p>\n<p><strong>&nbsp;<\/strong><\/p>\n<p>O presidente da Associa\u00e7\u00e3o Empresarial e Comercial Miguelense, Assun\u00e7\u00e3o Paes, informou que na sede da entidade s\u00e3o oferecidos os servi\u00e7os da Junta Comercial, Sefaz, Sala do Empreendedor e Receita Federal, poupando o deslocamento dos cidad\u00e3os de S\u00e3o Miguel a cidades como Arapiraca.<\/p>\n<p><strong>&nbsp;<\/strong><\/p>\n<p>&#8220;O governador n\u00e3o mediu esfor\u00e7os ao abrir as portas do Pal\u00e1cio para nos receber e trazer melhorias ao povo de S\u00e3o Miguel dos Campos&#8221;, declarou Assun\u00e7\u00e3o.<\/p>\n<p><strong>&nbsp;<\/strong><\/p>\n<p>O secret\u00e1rio de Estado da Fazenda afirmou que o sistema implantado no munic\u00edpio pode servir de modelo para outras regi\u00f5es do Estado.<\/p>\n<p>&nbsp;<\/p>\n<p>&#8220;O servi\u00e7o conjunto aqui instalado entre o setor privado e o Governo gera economia ao Estado e melhora o atendimento \u00e0 popula\u00e7\u00e3o. Criamos um projeto-piloto em Arapiraca de atendimento agendado que ser\u00e1 instalado aqui em S\u00e3o Miguel dos Campos. O contribuinte vai marcar a hora de ser atendido aqui&#8221;, revelou George Santoro.<\/p>\n<\/div>\n<p>&nbsp;<\/p>\n<p>Com Ag\u00eancia Alagoas<\/p>\n<p>&nbsp;<\/p>\n<\/div>\n<span style=\"clear:both;display:none;\"><img src=\"http:\/\/www.muricionline.com.br\/novo\/wp-content\/plugins\/wp-spamfree\/img\/wpsf-img.php\" width=\"0\" height=\"0\" alt=\"\" style=\"border-style:none;width:0px;height:0px;display:none;\" \/><\/span>","protected":false},"excerpt":{"rendered":"<p>Lan\u00e7amento do Programa For\u00e7a Tarefa, entrega da reforma da 6\u00b0 Delegacia Regional de Pol\u00edcia Civil e cess\u00e3o do pr\u00e9dio da Secretaria de Estado da Fazenda (Sefaz) \u00e0 Associa\u00e7\u00e3o Empresarial e Comercial Miguelense. Essa foi a agenda cumprida, na manh\u00e3 e tarde desta segunda-feira (21), pelo governador Renan Filho, em S\u00e3o Miguel dos Campos, a cerca&#8230;<\/p>\n","protected":false},"author":1,"featured_media":6485,"comment_status":"open","ping_status":"open","sticky":false,"template":"","format":"standard","meta":{"footnotes":""},"categories":[1],"tags":[5],"_links":{"self":[{"href":"http:\/\/www.muricionline.com.br\/novo\/index.php?rest_route=\/wp\/v2\/posts\/6484"}],"collection":[{"href":"http:\/\/www.muricionline.com.br\/novo\/index.php?rest_route=\/wp\/v2\/posts"}],"about":[{"href":"http:\/\/www.muricionline.com.br\/novo\/index.php?rest_route=\/wp\/v2\/types\/post"}],"author":[{"embeddable":true,"href":"http:\/\/www.muricionline.com.br\/novo\/index.php?rest_route=\/wp\/v2\/users\/1"}],"replies":[{"embeddable":true,"href":"http:\/\/www.muricionline.com.br\/novo\/index.php?rest_route=%2Fwp%2Fv2%2Fcomments&post=6484"}],"version-history":[{"count":2,"href":"http:\/\/www.muricionline.com.br\/novo\/index.php?rest_route=\/wp\/v2\/posts\/6484\/revisions"}],"predecessor-version":[{"id":6488,"href":"http:\/\/www.muricionline.com.br\/novo\/index.php?rest_route=\/wp\/v2\/posts\/6484\/revisions\/6488"}],"wp:featuredmedia":[{"embeddable":true,"href":"http:\/\/www.muricionline.com.br\/novo\/index.php?rest_route=\/wp\/v2\/media\/6485"}],"wp:attachment":[{"href":"http:\/\/www.muricionline.com.br\/novo\/index.php?rest_route=%2Fwp%2Fv2%2Fmedia&parent=6484"}],"wp:term":[{"taxonomy":"category","embeddable":true,"href":"http:\/\/www.muricionline.com.br\/novo\/index.php?rest_route=%2Fwp%2Fv2%2Fcategories&post=6484"},{"taxonomy":"post_tag","embeddable":true,"href":"http:\/\/www.muricionline.com.br\/novo\/index.php?rest_route=%2Fwp%2Fv2%2Ftags&post=6484"}],"curies":[{"name":"wp","href":"https:\/\/api.w.org\/{rel}","templated":true}]}}