{"id":6489,"date":"2017-08-22T19:41:27","date_gmt":"2017-08-22T22:41:27","guid":{"rendered":"http:\/\/www.muricionline.com.br\/novo\/?p=6489"},"modified":"2017-08-22T19:41:27","modified_gmt":"2017-08-22T22:41:27","slug":"familia-procura-pecuarista-desaparecido-em-murici","status":"publish","type":"post","link":"http:\/\/www.muricionline.com.br\/novo\/?p=6489","title":{"rendered":"Fam\u00edlia procura pecuarista desaparecido em Murici"},"content":{"rendered":"<p>Familiares e amigos de Cristov\u00e3o Rodrigues, de 61 anos, divulgaram nas redes sociais e \u00e0 imprensa, nesta ter\u00e7a-feira, 22, um apelo em busca de informa\u00e7\u00f5es do pecuarista, desaparecido desde o \u00faltimo dia 03 de agosto.&nbsp;<\/p>\n<div class=\"single--text\">\n<p class=\"bodytext\">A assessoria de comunica\u00e7\u00e3o da Secretaria de Seguran\u00e7a P\u00fablica (SSP-AL) afirmou que a Pol\u00edcia Civil n\u00e3o se pronunciar\u00e1 sobre o caso para n\u00e3o atrapalhar as investiga\u00e7\u00f5es.<\/p>\n<p class=\"bodytext\">O pecuarista estaria numa caminhonete Ford Ranger, de cor preta, e placas QLB-1274, quando foi visto pela \u00faltima vez por um funcion\u00e1rio da fazenda. Ele teria sa\u00eddo de sua propriedade, na Zona Rural de Murici, para voltar para casa, em Macei\u00f3.<\/p>\n<p class=\"bodytext\">De acordo com o filho dele, Cristiano Rodrigues, os familiares s\u00f3 deram falta de Cristov\u00e3o quatro dias ap\u00f3s o desaparecimento. \u201cEle costumava passar a semana na propriedade, que fica na zona rural, sem contato telef\u00f4nico, e voltava no final de semana. Quando conseguimos falar com o funcion\u00e1rio da fazenda achamos estranho ele n\u00e3o ter chegado em casa\u201d, afirmou.<\/p>\n<\/div>\n<p class=\"bodytext\">&nbsp;<\/p>\n<p><a href=\"http:\/\/www.muricionline.com.br\/novo\/wp-content\/uploads\/2017\/08\/20170822_193243.png\"><img loading=\"lazy\" decoding=\"async\" class=\"aligncenter size-full wp-image-6490\" src=\"http:\/\/www.muricionline.com.br\/novo\/wp-content\/uploads\/2017\/08\/20170822_193243.png\" alt=\"\" width=\"844\" height=\"1040\" srcset=\"http:\/\/www.muricionline.com.br\/novo\/wp-content\/uploads\/2017\/08\/20170822_193243.png 844w, http:\/\/www.muricionline.com.br\/novo\/wp-content\/uploads\/2017\/08\/20170822_193243-243x300.png 243w, http:\/\/www.muricionline.com.br\/novo\/wp-content\/uploads\/2017\/08\/20170822_193243-768x946.png 768w, http:\/\/www.muricionline.com.br\/novo\/wp-content\/uploads\/2017\/08\/20170822_193243-831x1024.png 831w\" sizes=\"(max-width: 844px) 100vw, 844px\" \/><\/a><\/p>\n<div class=\"single--text\">\n<p class=\"bodytext\">Cristiano disse ainda que a fam\u00edlia acionou a Pol\u00edcia Civil, onde um Boletim de Ocorr\u00eancia foi realizado, mas que at\u00e9 o momento n\u00e3o tem pistas do desaparecimento. \u201cN\u00f3s respeitamos at\u00e9 o momento, a pedido dos pr\u00f3prios delegados, mas n\u00e3o conseguimos mais esperar por not\u00edcias. A pol\u00edcia diz ter linhas de investiga\u00e7\u00e3o, mas n\u00f3s n\u00e3o sabemos se foi sequestro, vingan\u00e7a, rixa com vizinhos, se foi a viol\u00eancia da regi\u00e3o, porque a cidade de Murici est\u00e1 passando um momento de grande viol\u00eancia, por isso procuramos a imprensa\u201d, afirmou.<\/p>\n<p class=\"bodytext\">O filho Crist\u00f3v\u00e3o afirma que uma&nbsp;das linhas de investiga\u00e7\u00e3o seria vingan\u00e7a, mas ele ressalta as boas rela\u00e7\u00f5es do pai. \u201cEle \u00e9 uma pessoa bem quista na regi\u00e3o. Atua l\u00e1 a 17 anos e \u00e9 querido por todo mundo. Al\u00e9m disso, ele \u00e9 bastante conhecido na regi\u00e3o, conhece desde o governador aos sem-terra\u201d, afirmou.<\/p>\n<p class=\"bodytext\">Caso tenha uma informa\u00e7\u00e3o que leve ao paradeiro de Cristov\u00e3o, voc\u00ea pode ajudar a pol\u00edcia ligando para o Disque Den\u00fancia, no n\u00famero 181. A liga\u00e7\u00e3o n\u00e3o precisa ser identificada.<\/p>\n<\/div>\n<p>&nbsp;<\/p>\n<p>Com TNH1<\/p>\n<p>Fotos: Arquivo \/Fam\u00edlia<\/p>\n<span style=\"clear:both;display:none;\"><img src=\"http:\/\/www.muricionline.com.br\/novo\/wp-content\/plugins\/wp-spamfree\/img\/wpsf-img.php\" width=\"0\" height=\"0\" alt=\"\" style=\"border-style:none;width:0px;height:0px;display:none;\" \/><\/span>","protected":false},"excerpt":{"rendered":"<p>Familiares e amigos de Cristov\u00e3o Rodrigues, de 61 anos, divulgaram nas redes sociais e \u00e0 imprensa, nesta ter\u00e7a-feira, 22, um apelo em busca de informa\u00e7\u00f5es do pecuarista, desaparecido desde o \u00faltimo dia 03 de agosto.&nbsp; A assessoria de comunica\u00e7\u00e3o da Secretaria de Seguran\u00e7a P\u00fablica (SSP-AL) afirmou que a Pol\u00edcia Civil n\u00e3o se pronunciar\u00e1 sobre o&#8230;<\/p>\n","protected":false},"author":1,"featured_media":6491,"comment_status":"open","ping_status":"open","sticky":false,"template":"","format":"standard","meta":{"footnotes":""},"categories":[7,8],"tags":[5],"_links":{"self":[{"href":"http:\/\/www.muricionline.com.br\/novo\/index.php?rest_route=\/wp\/v2\/posts\/6489"}],"collection":[{"href":"http:\/\/www.muricionline.com.br\/novo\/index.php?rest_route=\/wp\/v2\/posts"}],"about":[{"href":"http:\/\/www.muricionline.com.br\/novo\/index.php?rest_route=\/wp\/v2\/types\/post"}],"author":[{"embeddable":true,"href":"http:\/\/www.muricionline.com.br\/novo\/index.php?rest_route=\/wp\/v2\/users\/1"}],"replies":[{"embeddable":true,"href":"http:\/\/www.muricionline.com.br\/novo\/index.php?rest_route=%2Fwp%2Fv2%2Fcomments&post=6489"}],"version-history":[{"count":1,"href":"http:\/\/www.muricionline.com.br\/novo\/index.php?rest_route=\/wp\/v2\/posts\/6489\/revisions"}],"predecessor-version":[{"id":6492,"href":"http:\/\/www.muricionline.com.br\/novo\/index.php?rest_route=\/wp\/v2\/posts\/6489\/revisions\/6492"}],"wp:featuredmedia":[{"embeddable":true,"href":"http:\/\/www.muricionline.com.br\/novo\/index.php?rest_route=\/wp\/v2\/media\/6491"}],"wp:attachment":[{"href":"http:\/\/www.muricionline.com.br\/novo\/index.php?rest_route=%2Fwp%2Fv2%2Fmedia&parent=6489"}],"wp:term":[{"taxonomy":"category","embeddable":true,"href":"http:\/\/www.muricionline.com.br\/novo\/index.php?rest_route=%2Fwp%2Fv2%2Fcategories&post=6489"},{"taxonomy":"post_tag","embeddable":true,"href":"http:\/\/www.muricionline.com.br\/novo\/index.php?rest_route=%2Fwp%2Fv2%2Ftags&post=6489"}],"curies":[{"name":"wp","href":"https:\/\/api.w.org\/{rel}","templated":true}]}}