{"id":6494,"date":"2017-08-23T06:43:58","date_gmt":"2017-08-23T09:43:58","guid":{"rendered":"http:\/\/www.muricionline.com.br\/novo\/?p=6494"},"modified":"2017-08-23T06:44:13","modified_gmt":"2017-08-23T09:44:13","slug":"segunda-edicao-dos-jogos-paralimpicos-reune-centenas-de-atletas-em-alagoas","status":"publish","type":"post","link":"http:\/\/www.muricionline.com.br\/novo\/?p=6494","title":{"rendered":"Segunda edi\u00e7\u00e3o dos Jogos Paral\u00edmpicos re\u00fane centenas de atletas em Alagoas"},"content":{"rendered":"<p>No m\u00eas da pessoa com defici\u00eancia f\u00edsica, o esporte ser\u00e1 a grande prova da inclus\u00e3o social. A partir desta quarta-feira (23), centenas de atletas de oito entidades, estar\u00e3o na disputa da segunda edi\u00e7\u00e3o dos Jogos Paral\u00edmpicos de Alagoas, que acontecer\u00e1 at\u00e9 o dia 25 deste m\u00eas, em v\u00e1rios pontos da capital alagoana.<\/p>\n<div class=\"row\">\n<div class=\"col-md-8\">\n<div class=\"post-content\">\n<article>Assim como nos Jogos Ol\u00edmpicos, a competi\u00e7\u00e3o ter\u00e1 in\u00edcio nesta quarta-feira com a disputa do atletismo, no Rei Pel\u00e9 \u00e0s 08h00. A abertura oficial do evento acontecer\u00e1 na quinta-feira, no Gin\u00e1sio do Col\u00e9gio Tiradentes da Pol\u00edcia Militar, \u00e0s 16h00.Este ano, haver\u00e1 um acr\u00e9scimo no n\u00famero de entidades que estar\u00e3o participando do evento. Em 2016 foram quatro e este ano ser\u00e3o oito; Adefal, Adefima, Pestalozzi, SESI, Complexo Multidisciplinar Tarcizo Freire, Ciro Acyoli Federa\u00e7\u00e3o Alagoana de Atletismo (FAAT) e Anthares.<\/p>\n<p>Os cerca de 250 atletas disputar\u00e3o as modalidades de atletismo, basquete, bocha, GoalBall, futebol para amputados, handebol, parav\u00f4lei e nata\u00e7\u00e3o, que ser\u00e3o realizadas em quatro locais: Associa\u00e7\u00e3o dos Subtenentes e Sargentos Militares de Alagoas (Assmal),&nbsp;Associa\u00e7\u00e3o Dos Oficiais Militares De Alagoas&nbsp;(Assomal), Gin\u00e1sio do Col\u00e9gio Tiradantes da Pol\u00edcia Militar e Est\u00e1dio Rei Pel\u00e9, todos no Trapiche da Barra.<\/p>\n<p>A secret\u00e1ria Claudia Petuba destacou a oportunidade dos atletas demonstrarem talento, bem como da inclus\u00e3o social e congrega\u00e7\u00e3o entre as entidades.<\/p>\n<p>\u201cOs Jogos Paral\u00edmpicos foram concebidos com a perspectiva de ampliar as oportunidades para os deficientes f\u00edsicos em Alagoas. Embora tenhamos atletas que se destacam em n\u00edvel nacional e internacional, n\u00e3o t\u00ednhamos a oportunidade de se preparar na pr\u00f3pria casa. Estamos celebrando a segunda edi\u00e7\u00e3o, avaliando de forma crescente, n\u00e3o apenas as entidades participantes, como as modalidades que ser\u00e3o disputadas. Sete entidades est\u00e3o nos ajudando, al\u00e9m da parceria com a secretaria da mulher e dos direitos humanos. \u00c9 um avan\u00e7o importante. O esporte \u00e9 o s\u00edmbolo maior da inclus\u00e3o social. Os jogos vem para agregar valor para atletas e a sociedade de uma forma geral\u201d, afirmou a secret\u00e1ria.<\/p>\n<p>&nbsp;<\/p>\n<p><strong>Confira a programa\u00e7\u00e3o do evento:<\/strong><\/p>\n<p><strong>Jogos Paral\u00edmpicos \u2013 De 23 a 25 de Agosto<\/strong><\/p>\n<p>&nbsp;<\/p>\n<p><strong>23-08-17<\/strong><\/p>\n<p>&nbsp;<\/p>\n<p><strong>Quarta-feira ATLETISMO Est\u00e1dio Rei Pel\u00e9 08hs<\/strong><\/p>\n<p>&nbsp;<\/p>\n<p><strong>24-08-17<\/strong><\/p>\n<p>&nbsp;<\/p>\n<p><strong>Quinta-feira BOCHA ASSMAL (Sal\u00e3o) 08hs<\/strong><\/p>\n<p>&nbsp;<\/p>\n<p><strong>24-08-17<\/strong><\/p>\n<p>&nbsp;<\/p>\n<p><strong>Quinta-feira NATA\u00c7\u00c3O ASSOMAL (Piscina) 08hs<\/strong><\/p>\n<p>&nbsp;<\/p>\n<p><strong>24-08-17<\/strong><\/p>\n<p>&nbsp;<\/p>\n<p><strong>Quinta-feira ABERTURA Gin\u00e1sio do Col\u00e9gio Tiradentes 16hs<\/strong><\/p>\n<p>&nbsp;<\/p>\n<p><strong>24-08-17<\/strong><\/p>\n<p>&nbsp;<\/p>\n<p><strong>Quinta-feira HANDEBOL PARA CADEIRANTES Gin\u00e1sio do Col\u00e9gio Tiradentes 18hs<\/strong><\/p>\n<p>&nbsp;<\/p>\n<p><strong>24-08-17<\/strong><\/p>\n<p>&nbsp;<\/p>\n<p><strong>Quinta-feira BASQUETE PARA CADEIRANTES Gin\u00e1sio do Col\u00e9gio Tiradentes 19:30hs<\/strong><\/p>\n<p>&nbsp;<\/p>\n<p><strong>25-08-17<\/strong><\/p>\n<p>&nbsp;<\/p>\n<p><strong>Sexta-feira GOALBALL ASSOMAL (Gin\u00e1sio) 14hs<\/strong><\/p>\n<p>&nbsp;<\/p>\n<p><strong>25-08-17<\/strong><\/p>\n<p>&nbsp;<\/p>\n<p><strong>Sexta-feira FUTEBOL PARA AMPUTADOS ASSOMAL (Campo sint\u00e9tico) 17HS<\/strong><\/p>\n<p>&nbsp;<\/p>\n<p><strong>25-08-17<\/strong><\/p>\n<p>&nbsp;<\/p>\n<p><strong>Sexta-feira PARAVOLEI ASSOMAL (Gin\u00e1sio) 18HS.<\/strong><\/p>\n<p>&nbsp;<\/p>\n<\/article>\n<\/div>\n<p>Com Minuto Esportes<\/p>\n<p>Foto: Cecilia<\/p>\n<\/div>\n<\/div>\n<span style=\"clear:both;display:none;\"><img src=\"http:\/\/www.muricionline.com.br\/novo\/wp-content\/plugins\/wp-spamfree\/img\/wpsf-img.php\" width=\"0\" height=\"0\" alt=\"\" style=\"border-style:none;width:0px;height:0px;display:none;\" \/><\/span>","protected":false},"excerpt":{"rendered":"<p>No m\u00eas da pessoa com defici\u00eancia f\u00edsica, o esporte ser\u00e1 a grande prova da inclus\u00e3o social. A partir desta quarta-feira (23), centenas de atletas de oito entidades, estar\u00e3o na disputa da segunda edi\u00e7\u00e3o dos Jogos Paral\u00edmpicos de Alagoas, que acontecer\u00e1 at\u00e9 o dia 25 deste m\u00eas, em v\u00e1rios pontos da capital alagoana. Assim como nos&#8230;<\/p>\n","protected":false},"author":1,"featured_media":6495,"comment_status":"open","ping_status":"open","sticky":false,"template":"","format":"standard","meta":{"footnotes":""},"categories":[9],"tags":[5],"_links":{"self":[{"href":"http:\/\/www.muricionline.com.br\/novo\/index.php?rest_route=\/wp\/v2\/posts\/6494"}],"collection":[{"href":"http:\/\/www.muricionline.com.br\/novo\/index.php?rest_route=\/wp\/v2\/posts"}],"about":[{"href":"http:\/\/www.muricionline.com.br\/novo\/index.php?rest_route=\/wp\/v2\/types\/post"}],"author":[{"embeddable":true,"href":"http:\/\/www.muricionline.com.br\/novo\/index.php?rest_route=\/wp\/v2\/users\/1"}],"replies":[{"embeddable":true,"href":"http:\/\/www.muricionline.com.br\/novo\/index.php?rest_route=%2Fwp%2Fv2%2Fcomments&post=6494"}],"version-history":[{"count":2,"href":"http:\/\/www.muricionline.com.br\/novo\/index.php?rest_route=\/wp\/v2\/posts\/6494\/revisions"}],"predecessor-version":[{"id":6497,"href":"http:\/\/www.muricionline.com.br\/novo\/index.php?rest_route=\/wp\/v2\/posts\/6494\/revisions\/6497"}],"wp:featuredmedia":[{"embeddable":true,"href":"http:\/\/www.muricionline.com.br\/novo\/index.php?rest_route=\/wp\/v2\/media\/6495"}],"wp:attachment":[{"href":"http:\/\/www.muricionline.com.br\/novo\/index.php?rest_route=%2Fwp%2Fv2%2Fmedia&parent=6494"}],"wp:term":[{"taxonomy":"category","embeddable":true,"href":"http:\/\/www.muricionline.com.br\/novo\/index.php?rest_route=%2Fwp%2Fv2%2Fcategories&post=6494"},{"taxonomy":"post_tag","embeddable":true,"href":"http:\/\/www.muricionline.com.br\/novo\/index.php?rest_route=%2Fwp%2Fv2%2Ftags&post=6494"}],"curies":[{"name":"wp","href":"https:\/\/api.w.org\/{rel}","templated":true}]}}