{"id":6645,"date":"2017-09-10T20:35:35","date_gmt":"2017-09-10T23:35:35","guid":{"rendered":"http:\/\/www.muricionline.com.br\/novo\/?p=6645"},"modified":"2017-09-10T20:47:20","modified_gmt":"2017-09-10T23:47:20","slug":"11a-cavalgada-dos-amigos-de-murici-reune-grande-publico-e-homenageia-os-200-anos-de-alagoas","status":"publish","type":"post","link":"http:\/\/www.muricionline.com.br\/novo\/?p=6645","title":{"rendered":"11\u00aa Cavalgada dos Amigos de Murici re\u00fane grande p\u00fablico e homenageia os 200 anos de Alagoas"},"content":{"rendered":"<p>A cavalgada dos Amigos j\u00e1 se tornou uma tradi\u00e7\u00e3o no munic\u00edpio de Murici a cada ano e acontece sempre no m\u00eas de setembro. Esta foi a 11\u00aa edi\u00e7\u00e3o que homenageou os 200 anos de Alagoas e contou com a participa\u00e7\u00e3o de mais de mil cavaleiros e amazonas que deixaram o Pra\u00e7a da Igreja Matriz da cidade no in\u00edcio da tarde do s\u00e1bado, 09, com destino a fazenda Brejo, Zona Rural do munic\u00edpio.<\/p>\n<p>Quem participa do passeio faz da camiseta padr\u00e3o do evento um modelito estiloso e nesse item as amazonas mandam muito bem. Enquanto os homens usam os tradicionais chap\u00e9us as meninas utilizam um bon\u00e9 com a logomarca da festa. S\u00e3o acess\u00f3rios que caem muito bem.<\/p>\n<p>&nbsp;<\/p>\n<p><a href=\"http:\/\/www.muricionline.com.br\/novo\/wp-content\/uploads\/2017\/09\/IMG-20170909-WA0280.jpg\"><img loading=\"lazy\" decoding=\"async\" class=\"aligncenter size-full wp-image-6648\" src=\"http:\/\/www.muricionline.com.br\/novo\/wp-content\/uploads\/2017\/09\/IMG-20170909-WA0280.jpg\" alt=\"\" width=\"1280\" height=\"815\" srcset=\"http:\/\/www.muricionline.com.br\/novo\/wp-content\/uploads\/2017\/09\/IMG-20170909-WA0280.jpg 1280w, http:\/\/www.muricionline.com.br\/novo\/wp-content\/uploads\/2017\/09\/IMG-20170909-WA0280-300x191.jpg 300w, http:\/\/www.muricionline.com.br\/novo\/wp-content\/uploads\/2017\/09\/IMG-20170909-WA0280-768x489.jpg 768w, http:\/\/www.muricionline.com.br\/novo\/wp-content\/uploads\/2017\/09\/IMG-20170909-WA0280-1024x652.jpg 1024w\" sizes=\"(max-width: 1280px) 100vw, 1280px\" \/><\/a><\/p>\n<p>No campo pol\u00edtico as presen\u00e7as do atual prefeito de Murici, Olavo Neto e do seu antecessor, Remi Calheiros, dois entusiastas da cavalgada. J\u00e1 na programa\u00e7\u00e3o musical tr\u00eas grandes nomes do forr\u00f3, que embalaram a todos com muita &#8216;melodia&#8217; aliada a alegria que \u00e9 contagiante.<\/p>\n<p>O sanfoneiro Edvaldo &#8211; mais conhecido como Ceguinho da sanfona, deu o tom da musica popular nordestina ao lado de Jeffinho e banda e da atra\u00e7\u00e3o da festa, Carlinhos Baby, ex-l\u00edder da banda Baby Som.<\/p>\n<p><a href=\"http:\/\/www.muricionline.com.br\/novo\/wp-content\/uploads\/2017\/09\/FB_IMG_1505086481925.jpg\"><img loading=\"lazy\" decoding=\"async\" class=\"aligncenter size-full wp-image-6650\" src=\"http:\/\/www.muricionline.com.br\/novo\/wp-content\/uploads\/2017\/09\/FB_IMG_1505086481925.jpg\" alt=\"\" width=\"1080\" height=\"1080\" srcset=\"http:\/\/www.muricionline.com.br\/novo\/wp-content\/uploads\/2017\/09\/FB_IMG_1505086481925.jpg 1080w, http:\/\/www.muricionline.com.br\/novo\/wp-content\/uploads\/2017\/09\/FB_IMG_1505086481925-150x150.jpg 150w, http:\/\/www.muricionline.com.br\/novo\/wp-content\/uploads\/2017\/09\/FB_IMG_1505086481925-300x300.jpg 300w, http:\/\/www.muricionline.com.br\/novo\/wp-content\/uploads\/2017\/09\/FB_IMG_1505086481925-768x768.jpg 768w, http:\/\/www.muricionline.com.br\/novo\/wp-content\/uploads\/2017\/09\/FB_IMG_1505086481925-1024x1024.jpg 1024w\" sizes=\"(max-width: 1080px) 100vw, 1080px\" \/><\/a><\/p>\n<p>Outra novidade este ano foi a participa\u00e7\u00e3o da cavalaria da pol\u00edcia militar. Quatro membros da corpora\u00e7\u00e3o conduziram a tropa carregando em seus cavalos as bandeiras de Alagoas, do Brasil e de Murici, num colorido todo especial e chamando a aten\u00e7\u00e3o de moradores por onde a cavalgada cumpriu trajeto.<\/p>\n<p>Para Remi Calheiros, &#8220;a cavalgada dos amigos continua sendo a grande refer\u00eancia de nossa regi\u00e3o. Um passeio envolvendo as pessoas que gostam de cavalgar pelos verdes campos de nossa querida Murici. N\u00e3o perco uma!&#8221;, disse Remi.<\/p>\n<p><a href=\"http:\/\/www.muricionline.com.br\/novo\/wp-content\/uploads\/2017\/09\/IMG_20170910_174820_231.jpg\"><img loading=\"lazy\" decoding=\"async\" class=\"aligncenter size-full wp-image-6651\" src=\"http:\/\/www.muricionline.com.br\/novo\/wp-content\/uploads\/2017\/09\/IMG_20170910_174820_231.jpg\" alt=\"\" width=\"1000\" height=\"1000\" srcset=\"http:\/\/www.muricionline.com.br\/novo\/wp-content\/uploads\/2017\/09\/IMG_20170910_174820_231.jpg 1000w, http:\/\/www.muricionline.com.br\/novo\/wp-content\/uploads\/2017\/09\/IMG_20170910_174820_231-150x150.jpg 150w, http:\/\/www.muricionline.com.br\/novo\/wp-content\/uploads\/2017\/09\/IMG_20170910_174820_231-300x300.jpg 300w, http:\/\/www.muricionline.com.br\/novo\/wp-content\/uploads\/2017\/09\/IMG_20170910_174820_231-768x768.jpg 768w\" sizes=\"(max-width: 1000px) 100vw, 1000px\" \/><\/a><\/p>\n<p>De acordo com o prefeito Olavo Neto, &#8220;este evento j\u00e1 faz parte do calend\u00e1rio tur\u00edstico de Murici assim como o festival da Natureza. S\u00e3o momentos culturais distintos mas que atraem pessoas de outras cidades de nossa regi\u00e3o da Mata, bem como de outros estados do Nordeste. Um dia prop\u00edcio para conhecermos ainda mais a nossa zona Rural utilizando sempre as estradas de terra&#8221;, comentou Olavo Neto.<\/p>\n<p>Durante o trajeto, a comiss\u00e3o organizadora (Remi Filho, Rodolfo, Anderson, Cesar, Renildo), &nbsp;garantiu o apoio e a log\u00edstica do evento que foi alvo de elogios de quem participou da Cavalgada dos Amigos que arrancou elogios daquele que curtiu um dia de chuvas esparsas e de uma bom passeio nessa maravilhosa rela\u00e7\u00e3o do homem com a natureza.<\/p>\n<p><a href=\"http:\/\/www.muricionline.com.br\/novo\/wp-content\/uploads\/2017\/09\/FB_IMG_1505086494457.jpg\"><img loading=\"lazy\" decoding=\"async\" class=\"aligncenter size-full wp-image-6653\" src=\"http:\/\/www.muricionline.com.br\/novo\/wp-content\/uploads\/2017\/09\/FB_IMG_1505086494457.jpg\" alt=\"\" width=\"990\" height=\"990\" srcset=\"http:\/\/www.muricionline.com.br\/novo\/wp-content\/uploads\/2017\/09\/FB_IMG_1505086494457.jpg 990w, http:\/\/www.muricionline.com.br\/novo\/wp-content\/uploads\/2017\/09\/FB_IMG_1505086494457-150x150.jpg 150w, http:\/\/www.muricionline.com.br\/novo\/wp-content\/uploads\/2017\/09\/FB_IMG_1505086494457-300x300.jpg 300w, http:\/\/www.muricionline.com.br\/novo\/wp-content\/uploads\/2017\/09\/FB_IMG_1505086494457-768x768.jpg 768w\" sizes=\"(max-width: 990px) 100vw, 990px\" \/><\/a><\/p>\n<span style=\"clear:both;display:none;\"><img src=\"http:\/\/www.muricionline.com.br\/novo\/wp-content\/plugins\/wp-spamfree\/img\/wpsf-img.php\" width=\"0\" height=\"0\" alt=\"\" style=\"border-style:none;width:0px;height:0px;display:none;\" \/><\/span>","protected":false},"excerpt":{"rendered":"<p>A cavalgada dos Amigos j\u00e1 se tornou uma tradi\u00e7\u00e3o no munic\u00edpio de Murici a cada ano e acontece sempre no m\u00eas de setembro. Esta foi a 11\u00aa edi\u00e7\u00e3o que homenageou os 200 anos de Alagoas e contou com a participa\u00e7\u00e3o de mais de mil cavaleiros e amazonas que deixaram o Pra\u00e7a da Igreja Matriz da&#8230;<\/p>\n","protected":false},"author":1,"featured_media":6646,"comment_status":"open","ping_status":"open","sticky":false,"template":"","format":"standard","meta":{"footnotes":""},"categories":[7,1],"tags":[5],"_links":{"self":[{"href":"http:\/\/www.muricionline.com.br\/novo\/index.php?rest_route=\/wp\/v2\/posts\/6645"}],"collection":[{"href":"http:\/\/www.muricionline.com.br\/novo\/index.php?rest_route=\/wp\/v2\/posts"}],"about":[{"href":"http:\/\/www.muricionline.com.br\/novo\/index.php?rest_route=\/wp\/v2\/types\/post"}],"author":[{"embeddable":true,"href":"http:\/\/www.muricionline.com.br\/novo\/index.php?rest_route=\/wp\/v2\/users\/1"}],"replies":[{"embeddable":true,"href":"http:\/\/www.muricionline.com.br\/novo\/index.php?rest_route=%2Fwp%2Fv2%2Fcomments&post=6645"}],"version-history":[{"count":3,"href":"http:\/\/www.muricionline.com.br\/novo\/index.php?rest_route=\/wp\/v2\/posts\/6645\/revisions"}],"predecessor-version":[{"id":6654,"href":"http:\/\/www.muricionline.com.br\/novo\/index.php?rest_route=\/wp\/v2\/posts\/6645\/revisions\/6654"}],"wp:featuredmedia":[{"embeddable":true,"href":"http:\/\/www.muricionline.com.br\/novo\/index.php?rest_route=\/wp\/v2\/media\/6646"}],"wp:attachment":[{"href":"http:\/\/www.muricionline.com.br\/novo\/index.php?rest_route=%2Fwp%2Fv2%2Fmedia&parent=6645"}],"wp:term":[{"taxonomy":"category","embeddable":true,"href":"http:\/\/www.muricionline.com.br\/novo\/index.php?rest_route=%2Fwp%2Fv2%2Fcategories&post=6645"},{"taxonomy":"post_tag","embeddable":true,"href":"http:\/\/www.muricionline.com.br\/novo\/index.php?rest_route=%2Fwp%2Fv2%2Ftags&post=6645"}],"curies":[{"name":"wp","href":"https:\/\/api.w.org\/{rel}","templated":true}]}}