{"id":6713,"date":"2017-09-18T08:37:46","date_gmt":"2017-09-18T11:37:46","guid":{"rendered":"http:\/\/www.muricionline.com.br\/novo\/?p=6713"},"modified":"2017-09-18T08:37:46","modified_gmt":"2017-09-18T11:37:46","slug":"mais-de-6-mil-pessoas-prestigiam-desfile-civico-na-abertura-das-festividades-dos-200-anos","status":"publish","type":"post","link":"http:\/\/www.muricionline.com.br\/novo\/?p=6713","title":{"rendered":"Mais de 6 mil pessoas prestigiam desfile c\u00edvico na abertura das festividades dos 200 Anos"},"content":{"rendered":"<p>Os primeiros acordes dos metais, realizado pela Banda da Pol\u00edcia Militar, anunciaram a chegada de um novo tempo. As comemora\u00e7\u00f5es dos 200 anos da emancipa\u00e7\u00e3o pol\u00edtica de Alagoas tiveram in\u00edcio, neste s\u00e1bado (16), com o desfile c\u00edvico realizado pelo Governo do Estado, por meio da Secretaria de Estado da Educa\u00e7\u00e3o (Seduc). O vice-governador e secret\u00e1rio da Educa\u00e7\u00e3o, Luciano Barbosa, conduziu a cerim\u00f4nia.<\/p>\n<p>Para o titular da pasta da Educa\u00e7\u00e3o, o bicenten\u00e1rio alagoano tem um simbolismo muito grande. Tamb\u00e9m estiveram presente os secret\u00e1rios de Estado de Meio Ambiente e Recursos H\u00eddricos (SEMARH), Alexandre Ayres; e de Infraestrutura (Seinfra), Humberto Carvalho; al\u00e9m da ex-prefeita de Pia\u00e7abu\u00e7u, Maria L\u00facia Marinho, que foi representando o secret\u00e1rio de Estado de Ci\u00eancias, Tecnologia e Informa\u00e7\u00e3o (Secti), Regis Cavalcante.<\/p>\n<p>\u201c\u00c9 uma marca muito forte, ainda mais quando se comemora em um lugar onde voc\u00ea nasceu, onde se vive, trabalha e cria seus filhos, onde, durante os 200 anos, foi gerada uma cultura que rege o povo. Ser vice-governador e secret\u00e1rio durante o bicenten\u00e1rio \u00e9 um presente que Deus e a sociedade alagoana me deram. Foram mais de tr\u00eas mil estudantes misturando ra\u00e7a, credo e cor. \u00c9 um estado que traz em sua cultura tudo isso. Para mim, ser alagoano \u00e9 ser patriota e lutar pelo futuro da nossa juventude\u201d, afirma o secret\u00e1rio Luciano Barbosa.<\/p>\n<p>O sentimento de orgulho e pertencimento que estava presente no palanque tamb\u00e9m reverberou pelas ruas hist\u00f3ricas do tradicional bairro de Jaragu\u00e1. Mais de seis mil alagoanos lotaram as arquibancadas montadas durante o evento, bem como as vias p\u00fablicas.<\/p>\n<p>Entre os diversos sentimentos e emo\u00e7\u00f5es despertadas pelos 200 de Alagoas, uma estava bastante presente: a saudade. \u00c9 o que conta Edilma Lima, que relembrou da \u00e9poca em que, ela mesma, compunha as fileiras dos pelot\u00f5es.<br \/>\n\u201cTodos os anos eu vejo o desfile que, para mim, representa muito, pois me d\u00e1 a oportunidade de reviver minha \u00e9poca de estudante, em que eu sempre desfilava carregando a bandeira do nosso estado. Venho sempre com a minha fam\u00edlia, pois acho muito importante, al\u00e9m de ser uma forma de manter viva nossa cultura, que \u00e9 t\u00e3o rica\u201d, contou emocionada.<br \/>\nSe a lembran\u00e7a emocionou quem um dia participou do desfile c\u00edvico, o sentimento de satisfa\u00e7\u00e3o tomou conta de quem est\u00e1 comemorando a data hist\u00f3rica para o estado, onde as bandas de fanfarra apresentaram m\u00fasicas de artistas da terrra, como os cantores Djavan e Eliezer Setton.<\/p>\n<p>Criatividade \u2013 Os estudantes deram um show de anima\u00e7\u00e3o e criatividade durante as apresenta\u00e7\u00f5es. \u00c9 o caso das escolas estaduais Quintela Cavalcante e Edson Bernardes, que foram ovacionadas pelo p\u00fablico. Os outros pelot\u00f5es inovaram, levantando o bandeir\u00e3o de Alagoas, ou tocando parab\u00e9ns para o estado, por exemplo.<br \/>\nAdrielly Mariane Souto, que desfilou pela Filarm\u00f4nica Santa Cec\u00edlia (Marechal Deodoro), falou sobre isto. \u201c\u00c9 muito gratificante poder participar de um evento t\u00e3o importante que preserva a cultura do nosso estado, me sinto honrada em contribuir para que nossa tradi\u00e7\u00e3o e cultura n\u00e3o se percam\u201d, declara.<\/p>\n<p>Amadeu Rodrigues, estudante da Escola Santos Ferraz, de Taquarana, explanou sua alegria em representar os estudantes vencedores, que se destacaram no II Encontro Estudantil da rede estadual.<br \/>\n\u201cPara mim \u00e9 uma satisfa\u00e7\u00e3o imensa participar do desfile e, mais ainda representando a minha escola. Me sinto bastante emocionado em fazer parte de um evento como esse que exalta a cultura alagoana\u201d, relatou o estudante bastante entusiasmado.<\/p>\n<p>&nbsp;<\/p>\n<p>Com Ag\u00eancia Alagoas<br \/>\nFotos: Jos\u00e9 Dem\u00e9trio e Valdir Rocha<\/p>\n<span style=\"clear:both;display:none;\"><img src=\"http:\/\/www.muricionline.com.br\/novo\/wp-content\/plugins\/wp-spamfree\/img\/wpsf-img.php\" width=\"0\" height=\"0\" alt=\"\" style=\"border-style:none;width:0px;height:0px;display:none;\" \/><\/span>","protected":false},"excerpt":{"rendered":"<p>Os primeiros acordes dos metais, realizado pela Banda da Pol\u00edcia Militar, anunciaram a chegada de um novo tempo. As comemora\u00e7\u00f5es dos 200 anos da emancipa\u00e7\u00e3o pol\u00edtica de Alagoas tiveram in\u00edcio, neste s\u00e1bado (16), com o desfile c\u00edvico realizado pelo Governo do Estado, por meio da Secretaria de Estado da Educa\u00e7\u00e3o (Seduc). O vice-governador e secret\u00e1rio&#8230;<\/p>\n","protected":false},"author":1,"featured_media":6714,"comment_status":"open","ping_status":"open","sticky":false,"template":"","format":"standard","meta":{"footnotes":""},"categories":[7,8,1],"tags":[],"_links":{"self":[{"href":"http:\/\/www.muricionline.com.br\/novo\/index.php?rest_route=\/wp\/v2\/posts\/6713"}],"collection":[{"href":"http:\/\/www.muricionline.com.br\/novo\/index.php?rest_route=\/wp\/v2\/posts"}],"about":[{"href":"http:\/\/www.muricionline.com.br\/novo\/index.php?rest_route=\/wp\/v2\/types\/post"}],"author":[{"embeddable":true,"href":"http:\/\/www.muricionline.com.br\/novo\/index.php?rest_route=\/wp\/v2\/users\/1"}],"replies":[{"embeddable":true,"href":"http:\/\/www.muricionline.com.br\/novo\/index.php?rest_route=%2Fwp%2Fv2%2Fcomments&post=6713"}],"version-history":[{"count":1,"href":"http:\/\/www.muricionline.com.br\/novo\/index.php?rest_route=\/wp\/v2\/posts\/6713\/revisions"}],"predecessor-version":[{"id":6715,"href":"http:\/\/www.muricionline.com.br\/novo\/index.php?rest_route=\/wp\/v2\/posts\/6713\/revisions\/6715"}],"wp:featuredmedia":[{"embeddable":true,"href":"http:\/\/www.muricionline.com.br\/novo\/index.php?rest_route=\/wp\/v2\/media\/6714"}],"wp:attachment":[{"href":"http:\/\/www.muricionline.com.br\/novo\/index.php?rest_route=%2Fwp%2Fv2%2Fmedia&parent=6713"}],"wp:term":[{"taxonomy":"category","embeddable":true,"href":"http:\/\/www.muricionline.com.br\/novo\/index.php?rest_route=%2Fwp%2Fv2%2Fcategories&post=6713"},{"taxonomy":"post_tag","embeddable":true,"href":"http:\/\/www.muricionline.com.br\/novo\/index.php?rest_route=%2Fwp%2Fv2%2Ftags&post=6713"}],"curies":[{"name":"wp","href":"https:\/\/api.w.org\/{rel}","templated":true}]}}