{"id":6716,"date":"2017-09-18T18:31:16","date_gmt":"2017-09-18T21:31:16","guid":{"rendered":"http:\/\/www.muricionline.com.br\/novo\/?p=6716"},"modified":"2017-09-18T18:31:16","modified_gmt":"2017-09-18T21:31:16","slug":"governador-renan-filho-afirma-que-virada-cultural-veio-para-ficar","status":"publish","type":"post","link":"http:\/\/www.muricionline.com.br\/novo\/?p=6716","title":{"rendered":"Governador Renan Filho afirma que Virada Cultural veio para ficar"},"content":{"rendered":"<p>\u201cA Virada Cultural veio para ficar!\u201d A afirma\u00e7\u00e3o \u00e9 do governador Renan Filho, ao se referir ao evento realizado nos dias 16 e 17 pela Secretaria de Estado da Cultura (Secult), no bairro do Jaragu\u00e1, em Macei\u00f3, para celebrar os 200 anos de Alagoas. Ele prestigiou a festa que reuniu cerca de 50 mil pessoas por noite.<\/p>\n<p>&nbsp;<\/p>\n<p>Renan Filho garantiu que a Virada Cultural ser\u00e1 um evento permanente, promovido pelo Governo do Estado. Nesta primeira edi\u00e7\u00e3o, mais de cem atra\u00e7\u00f5es se apresentaram em sete polos montados no bairro do Jaragu\u00e1.&nbsp;&nbsp;<\/p>\n<p>&nbsp;<\/p>\n<p>\u201cEu observei que a Virada Cultural \u00e9 um grande sucesso, um evento lindo que re\u00fane as melhores e genu\u00ednas tradi\u00e7\u00f5es culturais de Alagoas. A Virada Cultural veio para ficar. A gente tem que fazer a Virada Cultural todos os anos, porque o povo adora e as pessoas est\u00e3o felizes, pois resgata a nossa autoestima, apresenta as nossas virtudes na m\u00fasica erudita, na arte popular, no artesanato, na moda, na culin\u00e1ria\u201d, declarou Renan Filho.<\/p>\n<p>&nbsp;<img decoding=\"async\" class=\"jg_photo\" src=\"http:\/\/www.agenciaalagoas.al.gov.br\/component\/joomgallery\/image?view=image&amp;format=raw&amp;id=20963&amp;type=img\" alt=\"Marcio Ferreira \"><\/p>\n<p>No domingo (17), o governador iniciou a visita \u00e0 Virada Cultural prestigiando o polo de M\u00fasica de C\u00e2mara instalada no Instituto do Patrim\u00f4nio Hist\u00f3rico e Art\u00edstico Nacional (Iphan), onde assistiu \u00e0s apresenta\u00e7\u00f5es do Coro Prisma de Macei\u00f3 e do Quarteto de Clarinetes da Manguaba, de Marechal Deodoro.<\/p>\n<p>&nbsp;<\/p>\n<p>O operador de processo petroqu\u00edmico Durvian Gomes Tavares Viana aprovou a programa\u00e7\u00e3o multicultural do evento realizado em Jaragu\u00e1. \u201cFoi perfeito, porque abrange todo o tipo de p\u00fablico, toda a demanda. E o Estado estava precisando disso: apoiar a cultura e desenvolv\u00ea-la, porque h\u00e1 muita car\u00eancia. Com um evento desses, voc\u00ea consegue atingir todas as classes, todos os gostos\u201d, avaliou Tavares, que esteve no polo M\u00fasica de C\u00e2mara, no Iphan.<\/p>\n<p>&nbsp;<\/p>\n<p>O maestro Gustavo Campos, do Coro Prisma de Macei\u00f3, j\u00e1 participou das diversas viradas culturais promovidas em S\u00e3o Paulo \u2013 \u201cum movimento fant\u00e1stico\u201d \u2013 e confessou ter chegado a duvidar da capacidade do alagoano de realizar um evento desta magnitude.<\/p>\n<p>&nbsp;<\/p>\n<p>\u201cQuando eu soube que aqui ia ter eu pensei: \u2018Meu Deus do c\u00e9u, ser\u00e1 que a gente consegue?\u2019 E n\u00e3o \u00e9 que a gente conseguiu! Eu creio que tudo ocorreu dentro dos conformes. Algumas falhas eventuais ocorreram, \u00e9 verdade, mas a gente perdoa porque \u00e9 a primeira execu\u00e7\u00e3o. Tenho certeza que, nos pr\u00f3ximos anos, se a gente tiver isso como tradi\u00e7\u00e3o, ser\u00e1 muito bom. O p\u00fablico em geral precisa conhecer essa miscel\u00e2nea, essa diversidade de m\u00fasica e de arte em geral que temos. Foi algo fenomenal, estou felic\u00edssimo\u201d, declarou Campos.<\/p>\n<p>&nbsp;<img decoding=\"async\" class=\"jg_photo\" src=\"http:\/\/www.agenciaalagoas.al.gov.br\/component\/joomgallery\/image?view=image&amp;format=raw&amp;id=20964&amp;type=img\" alt=\"Marcio Ferreira \"><\/p>\n<p>Renan Filho foi \u00e0 Virada Cultural acompanhado pelos secret\u00e1rios de Desenvolvimento Econ\u00f4mico e Turismo, H\u00e9lder Lima; da Comunica\u00e7\u00e3o, Enio Lins; da Infraestrutura, Humberto Carvalho; do Planejamento, Gest\u00e3o e Patrim\u00f4nio, Fabr\u00edcio Marques; e do presidente da Funda\u00e7\u00e3o de Amparo \u00e0 Pesquisa do Estado de Alagoas (Fapeal), F\u00e1bio Guedes.<\/p>\n<p>&nbsp;<\/p>\n<p>Eles estiveram na Pra\u00e7a Dois Le\u00f5es, onde um palco foi montado para as apresenta\u00e7\u00f5es dos artistas alagoanos, dentre os quais, Carlos Moura, que cantou sucessos como Minha Sereia e Rosa de Sol. Em seguida, a comitiva prestigiou o estande gastron\u00f4mico e de artesanato para depois seguir ao polo central, no estacionamento do Jaragu\u00e1, onde se apresentaram atra\u00e7\u00f5es a exemplo do cantor e compositor Dorgival Dantas.<\/p>\n<p>&nbsp;<\/p>\n<p>\u201cVamos manter a Virada Cultural, n\u00e3o tem como acabar com um evento como esse. Esse ano, o Governo do Estado fez o Carnaval com o desfile do Pinto da Madrugada, fez o S\u00e3o Jo\u00e3o e agora est\u00e1 fazendo a Virada Cultural, ou seja, ficaram a cargo do Governo as grandes atra\u00e7\u00f5es culturais do ano\u201d, finalizou Renan Filho.<\/p>\n<p>&nbsp;<\/p>\n<p>&nbsp;<\/p>\n<p>Com Ag\u00eancia Alagoas<\/p>\n<p>Fotos: Marcio Ferreira<\/p>\n<span style=\"clear:both;display:none;\"><img src=\"http:\/\/www.muricionline.com.br\/novo\/wp-content\/plugins\/wp-spamfree\/img\/wpsf-img.php\" width=\"0\" height=\"0\" alt=\"\" style=\"border-style:none;width:0px;height:0px;display:none;\" \/><\/span>","protected":false},"excerpt":{"rendered":"<p>\u201cA Virada Cultural veio para ficar!\u201d A afirma\u00e7\u00e3o \u00e9 do governador Renan Filho, ao se referir ao evento realizado nos dias 16 e 17 pela Secretaria de Estado da Cultura (Secult), no bairro do Jaragu\u00e1, em Macei\u00f3, para celebrar os 200 anos de Alagoas. Ele prestigiou a festa que reuniu cerca de 50 mil pessoas&#8230;<\/p>\n","protected":false},"author":1,"featured_media":6717,"comment_status":"open","ping_status":"open","sticky":false,"template":"","format":"standard","meta":{"footnotes":""},"categories":[7,1],"tags":[5],"_links":{"self":[{"href":"http:\/\/www.muricionline.com.br\/novo\/index.php?rest_route=\/wp\/v2\/posts\/6716"}],"collection":[{"href":"http:\/\/www.muricionline.com.br\/novo\/index.php?rest_route=\/wp\/v2\/posts"}],"about":[{"href":"http:\/\/www.muricionline.com.br\/novo\/index.php?rest_route=\/wp\/v2\/types\/post"}],"author":[{"embeddable":true,"href":"http:\/\/www.muricionline.com.br\/novo\/index.php?rest_route=\/wp\/v2\/users\/1"}],"replies":[{"embeddable":true,"href":"http:\/\/www.muricionline.com.br\/novo\/index.php?rest_route=%2Fwp%2Fv2%2Fcomments&post=6716"}],"version-history":[{"count":1,"href":"http:\/\/www.muricionline.com.br\/novo\/index.php?rest_route=\/wp\/v2\/posts\/6716\/revisions"}],"predecessor-version":[{"id":6718,"href":"http:\/\/www.muricionline.com.br\/novo\/index.php?rest_route=\/wp\/v2\/posts\/6716\/revisions\/6718"}],"wp:featuredmedia":[{"embeddable":true,"href":"http:\/\/www.muricionline.com.br\/novo\/index.php?rest_route=\/wp\/v2\/media\/6717"}],"wp:attachment":[{"href":"http:\/\/www.muricionline.com.br\/novo\/index.php?rest_route=%2Fwp%2Fv2%2Fmedia&parent=6716"}],"wp:term":[{"taxonomy":"category","embeddable":true,"href":"http:\/\/www.muricionline.com.br\/novo\/index.php?rest_route=%2Fwp%2Fv2%2Fcategories&post=6716"},{"taxonomy":"post_tag","embeddable":true,"href":"http:\/\/www.muricionline.com.br\/novo\/index.php?rest_route=%2Fwp%2Fv2%2Ftags&post=6716"}],"curies":[{"name":"wp","href":"https:\/\/api.w.org\/{rel}","templated":true}]}}