{"id":6941,"date":"2017-10-20T08:29:02","date_gmt":"2017-10-20T11:29:02","guid":{"rendered":"http:\/\/www.muricionline.com.br\/novo\/?p=6941"},"modified":"2017-10-20T08:29:02","modified_gmt":"2017-10-20T11:29:02","slug":"murici-sedia-encontro-regional-de-tecnicos-e-secretarios-municipais-de-educacao-evento-teve-como-tema-o-primeira-infancia","status":"publish","type":"post","link":"http:\/\/www.muricionline.com.br\/novo\/?p=6941","title":{"rendered":"MURICI SEDIA ENCONTRO REGIONAL DE T\u00c9CNICOS E SECRET\u00c1RIOS MUNICIPAIS DE EDUCA\u00c7\u00c3O; EVENTO TEVE COMO TEMA O &#8220;PRIMEIRA INF\u00c2NCIA&#8221;"},"content":{"rendered":"<p>A cidade de Murici recebeu ontem (19) o IV Encontro de Secret\u00e1rios Municipais de Educa\u00e7\u00e3o e T\u00e9cnicos Regionais. O evento teve como tema a primeira inf\u00e2ncia, por ter sido o primeiro munic\u00edpio a implantar o projeto-piloto da Primeira Inf\u00e2ncia de Alagoas, tornando-se refer\u00eancia nos cuidados de gestantes e crian\u00e7as de 0 a 6 anos.<\/p>\n<p>Segundo a secret\u00e1ria municipal de Murici, Cristina Ara\u00fajo, o tema foi escolhido devido \u00e0 infraestrutura que o munic\u00edpio criou neste \u00faltimo ano de implanta\u00e7\u00e3o do projeto-piloto. \u201cColhemos hoje o que plantamos quando aceitamos e desafio de ter um projeto voltado \u00e0 primeira inf\u00e2ncia. Somos refer\u00eancia, temos uma proposta pedag\u00f3gica espec\u00edfica e at\u00e9 mesmo inauguramos a creche em tempo integral para a primeira inf\u00e2ncia\u201d, disse a secret\u00e1ria.<\/p>\n<p><a href=\"http:\/\/www.muricionline.com.br\/novo\/wp-content\/uploads\/2017\/10\/FB_IMG_1508498639939.jpg\"><img loading=\"lazy\" decoding=\"async\" class=\"aligncenter size-full wp-image-6943\" src=\"http:\/\/www.muricionline.com.br\/novo\/wp-content\/uploads\/2017\/10\/FB_IMG_1508498639939.jpg\" alt=\"\" width=\"960\" height=\"622\" srcset=\"http:\/\/www.muricionline.com.br\/novo\/wp-content\/uploads\/2017\/10\/FB_IMG_1508498639939.jpg 960w, http:\/\/www.muricionline.com.br\/novo\/wp-content\/uploads\/2017\/10\/FB_IMG_1508498639939-300x194.jpg 300w, http:\/\/www.muricionline.com.br\/novo\/wp-content\/uploads\/2017\/10\/FB_IMG_1508498639939-768x498.jpg 768w\" sizes=\"(max-width: 960px) 100vw, 960px\" \/><\/a><\/p>\n<p>O gestor intersetorial do Projeto da Primeira Inf\u00e2ncia de Alagoas, Ant\u00f4nio Pinaud, falou em nome do Governo para apresentar as diretrizes do projeto aos mais de 80 participantes do encontro.<\/p>\n<p>\u201cEssa iniciativa do Estado \u00e9 in\u00e9dita e vai transformar a sociedade em m\u00e9dio e longo prazo. Al\u00e9m disso, os cuidados com as crian\u00e7as revoluciona a gest\u00e3o p\u00fablica ao integrar v\u00e1rias secretarias. Hoje n\u00f3s n\u00e3o somos sa\u00fade, educa\u00e7\u00e3o ou assist\u00eancia, somos todos primeira inf\u00e2ncia\u201d, afirmou Pinaud.<\/p>\n<p>Dentro da programa\u00e7\u00e3o os gestores p\u00fablicos ainda visitaram a Creche em Tempo Integral da Primeira Inf\u00e2ncia de Murici. Participaram do encontro secret\u00e1rios e t\u00e9cnicos das cidades de Ibateguara, S\u00e3o Jose da laje, Col\u00f4nia Leopoldina, Murici, Uni\u00e3o, Branquinha e Santana do Munda\u00fa.<\/p>\n<p><a href=\"http:\/\/www.muricionline.com.br\/novo\/wp-content\/uploads\/2017\/10\/FB_IMG_1508498644134.jpg\"><img loading=\"lazy\" decoding=\"async\" class=\"aligncenter size-full wp-image-6944\" src=\"http:\/\/www.muricionline.com.br\/novo\/wp-content\/uploads\/2017\/10\/FB_IMG_1508498644134.jpg\" alt=\"\" width=\"960\" height=\"600\" srcset=\"http:\/\/www.muricionline.com.br\/novo\/wp-content\/uploads\/2017\/10\/FB_IMG_1508498644134.jpg 960w, http:\/\/www.muricionline.com.br\/novo\/wp-content\/uploads\/2017\/10\/FB_IMG_1508498644134-300x188.jpg 300w, http:\/\/www.muricionline.com.br\/novo\/wp-content\/uploads\/2017\/10\/FB_IMG_1508498644134-768x480.jpg 768w\" sizes=\"(max-width: 960px) 100vw, 960px\" \/><\/a><\/p>\n<p>Texto de Iara Malta &#8211; Ag\u00eancia Alagoas<br \/>\nFoto: Jailson Col\u00e1cio<\/p>\n<span style=\"clear:both;display:none;\"><img src=\"http:\/\/www.muricionline.com.br\/novo\/wp-content\/plugins\/wp-spamfree\/img\/wpsf-img.php\" width=\"0\" height=\"0\" alt=\"\" style=\"border-style:none;width:0px;height:0px;display:none;\" \/><\/span>","protected":false},"excerpt":{"rendered":"<p>A cidade de Murici recebeu ontem (19) o IV Encontro de Secret\u00e1rios Municipais de Educa\u00e7\u00e3o e T\u00e9cnicos Regionais. O evento teve como tema a primeira inf\u00e2ncia, por ter sido o primeiro munic\u00edpio a implantar o projeto-piloto da Primeira Inf\u00e2ncia de Alagoas, tornando-se refer\u00eancia nos cuidados de gestantes e crian\u00e7as de 0 a 6 anos. Segundo&#8230;<\/p>\n","protected":false},"author":1,"featured_media":6942,"comment_status":"open","ping_status":"open","sticky":false,"template":"","format":"standard","meta":{"footnotes":""},"categories":[1],"tags":[5],"_links":{"self":[{"href":"http:\/\/www.muricionline.com.br\/novo\/index.php?rest_route=\/wp\/v2\/posts\/6941"}],"collection":[{"href":"http:\/\/www.muricionline.com.br\/novo\/index.php?rest_route=\/wp\/v2\/posts"}],"about":[{"href":"http:\/\/www.muricionline.com.br\/novo\/index.php?rest_route=\/wp\/v2\/types\/post"}],"author":[{"embeddable":true,"href":"http:\/\/www.muricionline.com.br\/novo\/index.php?rest_route=\/wp\/v2\/users\/1"}],"replies":[{"embeddable":true,"href":"http:\/\/www.muricionline.com.br\/novo\/index.php?rest_route=%2Fwp%2Fv2%2Fcomments&post=6941"}],"version-history":[{"count":1,"href":"http:\/\/www.muricionline.com.br\/novo\/index.php?rest_route=\/wp\/v2\/posts\/6941\/revisions"}],"predecessor-version":[{"id":6945,"href":"http:\/\/www.muricionline.com.br\/novo\/index.php?rest_route=\/wp\/v2\/posts\/6941\/revisions\/6945"}],"wp:featuredmedia":[{"embeddable":true,"href":"http:\/\/www.muricionline.com.br\/novo\/index.php?rest_route=\/wp\/v2\/media\/6942"}],"wp:attachment":[{"href":"http:\/\/www.muricionline.com.br\/novo\/index.php?rest_route=%2Fwp%2Fv2%2Fmedia&parent=6941"}],"wp:term":[{"taxonomy":"category","embeddable":true,"href":"http:\/\/www.muricionline.com.br\/novo\/index.php?rest_route=%2Fwp%2Fv2%2Fcategories&post=6941"},{"taxonomy":"post_tag","embeddable":true,"href":"http:\/\/www.muricionline.com.br\/novo\/index.php?rest_route=%2Fwp%2Fv2%2Ftags&post=6941"}],"curies":[{"name":"wp","href":"https:\/\/api.w.org\/{rel}","templated":true}]}}