{"id":6949,"date":"2017-10-21T07:48:24","date_gmt":"2017-10-21T10:48:24","guid":{"rendered":"http:\/\/www.muricionline.com.br\/novo\/?p=6949"},"modified":"2017-10-21T07:50:03","modified_gmt":"2017-10-21T10:50:03","slug":"prefeitura-de-santana-do-mundau-contempla-conselho-municipal-da-saude-com-notebook","status":"publish","type":"post","link":"http:\/\/www.muricionline.com.br\/novo\/?p=6949","title":{"rendered":"Prefeitura de Santana do Munda\u00fa contempla Conselho Municipal da Sa\u00fade com notebook"},"content":{"rendered":"<p>Como parte da pol\u00edtica de reestrutura\u00e7\u00e3o dos servi\u00e7os p\u00fablicos de Sa\u00fade e do incentivo \u00e0 participa\u00e7\u00e3o popular nas decis\u00f5es do Governo, a Prefeitura de&nbsp;Santana do Munda\u00fa,&nbsp;promoveu a&nbsp;reativa\u00e7\u00e3o do Conselho Municipal de Sa\u00fade. &#8220;Encontramos a entidade desativada, e a retomada dos&nbsp;trabalhos foi&nbsp;uma determina\u00e7\u00e3o&nbsp;do prefeito Arthur Freitas, que sempre&nbsp;acreditou na capacidade de os moradores e lideran\u00e7as comunit\u00e1rias ajudarem a administra\u00e7\u00e3o municipal no avan\u00e7o da melhoria dos&nbsp;servi\u00e7os p\u00fablicos ofertados&#8221;, relatou a secret\u00e1ria, Paula Cavalcante.<\/p>\n<div class=\"row\">\n<div class=\"col-md-8\">\n<div class=\"post-content\">\n<article>&nbsp;<span style=\"color: #333333;\"><span style=\"font-family: 'Helvetica Neue', Helvetica, Arial, sans-serif;\">Esta semana, a titular da pasta esteve reunida com o presidente do Conselho, Jos\u00e9 Maria e demais integrantes, para contemplar a entidade com um novo aparelho de notebook, que possibilitar\u00e1 mais agilidade nas atividades&nbsp;executadas pela equipe. &#8220;<\/span><\/span><span style=\"color: #1e1919;\"><span style=\"font-family: 'Istok Web', Helvetica, Arial, sans-serif;\">Uma das principais responsabilidades do Conselho Municipal de Sa\u00fade \u00e9 fiscalizar as a\u00e7\u00f5es, recursos e o andamento dos trabalhos realizados no Sistema \u00danico de Sa\u00fade (SUS), e, essa&nbsp;parceria com a gest\u00e3o,&nbsp;\u00e9 feita com<\/span><\/span><span style=\"color: #1e1919;\"><span style=\"font-family: 'Istok Web', Helvetica, Arial, sans-serif;\">&nbsp;<\/span><\/span><span style=\"color: #1e1919;\"><span style=\"font-family: 'Istok Web', Helvetica, Arial, sans-serif;\">muito di\u00e1logo, compreens\u00e3o e equil\u00edbrio, a fim de&nbsp;<\/span><\/span><span style=\"color: #1e1919;\"><span style=\"font-family: 'Istok Web', Helvetica, Arial, sans-serif;\">melhorar a&nbsp;assist\u00eancia \u00e0s&nbsp;pessoas que necessitam da sa\u00fade municipal&#8221;, concluiu<\/span><\/span><\/p>\n<\/article>\n<p>&nbsp;<\/p>\n<\/div>\n<p>Com Ascom<\/p>\n<\/div>\n<\/div>\n<span style=\"clear:both;display:none;\"><img src=\"http:\/\/www.muricionline.com.br\/novo\/wp-content\/plugins\/wp-spamfree\/img\/wpsf-img.php\" width=\"0\" height=\"0\" alt=\"\" style=\"border-style:none;width:0px;height:0px;display:none;\" \/><\/span>","protected":false},"excerpt":{"rendered":"<p>Como parte da pol\u00edtica de reestrutura\u00e7\u00e3o dos servi\u00e7os p\u00fablicos de Sa\u00fade e do incentivo \u00e0 participa\u00e7\u00e3o popular nas decis\u00f5es do Governo, a Prefeitura de&nbsp;Santana do Munda\u00fa,&nbsp;promoveu a&nbsp;reativa\u00e7\u00e3o do Conselho Municipal de Sa\u00fade. &#8220;Encontramos a entidade desativada, e a retomada dos&nbsp;trabalhos foi&nbsp;uma determina\u00e7\u00e3o&nbsp;do prefeito Arthur Freitas, que sempre&nbsp;acreditou na capacidade de os moradores e lideran\u00e7as comunit\u00e1rias&#8230;<\/p>\n","protected":false},"author":1,"featured_media":6953,"comment_status":"open","ping_status":"open","sticky":false,"template":"","format":"standard","meta":{"footnotes":""},"categories":[1],"tags":[5],"_links":{"self":[{"href":"http:\/\/www.muricionline.com.br\/novo\/index.php?rest_route=\/wp\/v2\/posts\/6949"}],"collection":[{"href":"http:\/\/www.muricionline.com.br\/novo\/index.php?rest_route=\/wp\/v2\/posts"}],"about":[{"href":"http:\/\/www.muricionline.com.br\/novo\/index.php?rest_route=\/wp\/v2\/types\/post"}],"author":[{"embeddable":true,"href":"http:\/\/www.muricionline.com.br\/novo\/index.php?rest_route=\/wp\/v2\/users\/1"}],"replies":[{"embeddable":true,"href":"http:\/\/www.muricionline.com.br\/novo\/index.php?rest_route=%2Fwp%2Fv2%2Fcomments&post=6949"}],"version-history":[{"count":2,"href":"http:\/\/www.muricionline.com.br\/novo\/index.php?rest_route=\/wp\/v2\/posts\/6949\/revisions"}],"predecessor-version":[{"id":6954,"href":"http:\/\/www.muricionline.com.br\/novo\/index.php?rest_route=\/wp\/v2\/posts\/6949\/revisions\/6954"}],"wp:featuredmedia":[{"embeddable":true,"href":"http:\/\/www.muricionline.com.br\/novo\/index.php?rest_route=\/wp\/v2\/media\/6953"}],"wp:attachment":[{"href":"http:\/\/www.muricionline.com.br\/novo\/index.php?rest_route=%2Fwp%2Fv2%2Fmedia&parent=6949"}],"wp:term":[{"taxonomy":"category","embeddable":true,"href":"http:\/\/www.muricionline.com.br\/novo\/index.php?rest_route=%2Fwp%2Fv2%2Fcategories&post=6949"},{"taxonomy":"post_tag","embeddable":true,"href":"http:\/\/www.muricionline.com.br\/novo\/index.php?rest_route=%2Fwp%2Fv2%2Ftags&post=6949"}],"curies":[{"name":"wp","href":"https:\/\/api.w.org\/{rel}","templated":true}]}}