{"id":6970,"date":"2017-10-23T13:14:55","date_gmt":"2017-10-23T16:14:55","guid":{"rendered":"http:\/\/www.muricionline.com.br\/novo\/?p=6970"},"modified":"2017-10-23T13:25:16","modified_gmt":"2017-10-23T16:25:16","slug":"inauguracao-do-novo-predio-da-camara-de-vereadores-de-murici-acontece-nesta-quarta-feira-25","status":"publish","type":"post","link":"http:\/\/www.muricionline.com.br\/novo\/?p=6970","title":{"rendered":"Inaugura\u00e7\u00e3o do novo pr\u00e9dio da C\u00e2mara de Vereadores de Murici acontece nesta quarta-feira, 25"},"content":{"rendered":"<p>A C\u00e2mara de Vereadores de Murici inaugura quarta-feira, 25 de outubro, seu novo pr\u00e9dio, localizado na Firmino de Queiroz. A solenidade ter\u00e1 in\u00edcio \u00e0s 18 horas e contar\u00e1 com a presen\u00e7a de v\u00e1rias autoridades e personalidades pol\u00edticas.<\/p>\n<p>&nbsp;<\/p>\n<p>Com 600 metros de \u00e1rea constru\u00edda, o novo endere\u00e7o do Poder Legislativo muriciense, conta com plen\u00e1rio climatizado, sala para reuni\u00f5es das comiss\u00f5es, recep\u00e7\u00e3o , banheiros, copa\/cozinha, al\u00e9m de gabinetes para os vereadores.<\/p>\n<p>&nbsp;<\/p>\n<p>Para o vereador Fausto Batista (PMDB), presidente da casa, a aquisi\u00e7\u00e3o do novo pr\u00e9dio vai melhorar o atendimento a popula\u00e7\u00e3o, possibilitando por sua vez, melhores condi\u00e7\u00f5es de trabalho para os parlamentares. \u201cMurici merece esta nova sede, a popula\u00e7\u00e3o ter\u00e1 mais conforto para ser atendida pelos vereadores\u201d, disse o chefe do Legislativo.<\/p>\n<p>&nbsp;<\/p>\n<p>Confira a programa\u00e7\u00e3o da inaugura\u00e7\u00e3o:<\/p>\n<p>&nbsp;<\/p>\n<p>18h00 &#8211; Solenidade de inaugura\u00e7\u00e3o<\/p>\n<p>18h30: Sess\u00e3o comemorativa<\/p>\n<p><a href=\"http:\/\/www.muricionline.com.br\/novo\/wp-content\/uploads\/2017\/10\/20171023_132311.jpg\"><img loading=\"lazy\" decoding=\"async\" class=\"aligncenter size-full wp-image-6975\" src=\"http:\/\/www.muricionline.com.br\/novo\/wp-content\/uploads\/2017\/10\/20171023_132311.jpg\" alt=\"\" width=\"565\" height=\"415\" srcset=\"http:\/\/www.muricionline.com.br\/novo\/wp-content\/uploads\/2017\/10\/20171023_132311.jpg 565w, http:\/\/www.muricionline.com.br\/novo\/wp-content\/uploads\/2017\/10\/20171023_132311-300x220.jpg 300w\" sizes=\"(max-width: 565px) 100vw, 565px\" \/><\/a><\/p>\n<span style=\"clear:both;display:none;\"><img src=\"http:\/\/www.muricionline.com.br\/novo\/wp-content\/plugins\/wp-spamfree\/img\/wpsf-img.php\" width=\"0\" height=\"0\" alt=\"\" style=\"border-style:none;width:0px;height:0px;display:none;\" \/><\/span>","protected":false},"excerpt":{"rendered":"<p>A C\u00e2mara de Vereadores de Murici inaugura quarta-feira, 25 de outubro, seu novo pr\u00e9dio, localizado na Firmino de Queiroz. A solenidade ter\u00e1 in\u00edcio \u00e0s 18 horas e contar\u00e1 com a presen\u00e7a de v\u00e1rias autoridades e personalidades pol\u00edticas. &nbsp; Com 600 metros de \u00e1rea constru\u00edda, o novo endere\u00e7o do Poder Legislativo muriciense, conta com plen\u00e1rio climatizado,&#8230;<\/p>\n","protected":false},"author":1,"featured_media":6971,"comment_status":"open","ping_status":"open","sticky":false,"template":"","format":"standard","meta":{"footnotes":""},"categories":[7,1],"tags":[5],"_links":{"self":[{"href":"http:\/\/www.muricionline.com.br\/novo\/index.php?rest_route=\/wp\/v2\/posts\/6970"}],"collection":[{"href":"http:\/\/www.muricionline.com.br\/novo\/index.php?rest_route=\/wp\/v2\/posts"}],"about":[{"href":"http:\/\/www.muricionline.com.br\/novo\/index.php?rest_route=\/wp\/v2\/types\/post"}],"author":[{"embeddable":true,"href":"http:\/\/www.muricionline.com.br\/novo\/index.php?rest_route=\/wp\/v2\/users\/1"}],"replies":[{"embeddable":true,"href":"http:\/\/www.muricionline.com.br\/novo\/index.php?rest_route=%2Fwp%2Fv2%2Fcomments&post=6970"}],"version-history":[{"count":4,"href":"http:\/\/www.muricionline.com.br\/novo\/index.php?rest_route=\/wp\/v2\/posts\/6970\/revisions"}],"predecessor-version":[{"id":6976,"href":"http:\/\/www.muricionline.com.br\/novo\/index.php?rest_route=\/wp\/v2\/posts\/6970\/revisions\/6976"}],"wp:featuredmedia":[{"embeddable":true,"href":"http:\/\/www.muricionline.com.br\/novo\/index.php?rest_route=\/wp\/v2\/media\/6971"}],"wp:attachment":[{"href":"http:\/\/www.muricionline.com.br\/novo\/index.php?rest_route=%2Fwp%2Fv2%2Fmedia&parent=6970"}],"wp:term":[{"taxonomy":"category","embeddable":true,"href":"http:\/\/www.muricionline.com.br\/novo\/index.php?rest_route=%2Fwp%2Fv2%2Fcategories&post=6970"},{"taxonomy":"post_tag","embeddable":true,"href":"http:\/\/www.muricionline.com.br\/novo\/index.php?rest_route=%2Fwp%2Fv2%2Ftags&post=6970"}],"curies":[{"name":"wp","href":"https:\/\/api.w.org\/{rel}","templated":true}]}}