{"id":6984,"date":"2017-10-25T08:54:03","date_gmt":"2017-10-25T11:54:03","guid":{"rendered":"http:\/\/www.muricionline.com.br\/novo\/?p=6984"},"modified":"2017-10-25T08:55:17","modified_gmt":"2017-10-25T11:55:17","slug":"k-5a-gincana-do-ejamurici-homenageia-o-bicentenario-de-alagoas","status":"publish","type":"post","link":"http:\/\/www.muricionline.com.br\/novo\/?p=6984","title":{"rendered":"5\u00aa Gincana do Eja\/Murici homenageia o bicenten\u00e1rio de Alagoas"},"content":{"rendered":"<p>A Educa\u00e7\u00e3o de Jovens e Adultos (EJA) das Escolas Nossa Senhora das Gra\u00e7as e Governador Lamenha Filho, em Murici, iniciaram ontem a noite, a 5\u00aa Gincana Cultural. O evento se estender\u00e1 at\u00e9 a pr\u00f3xima quinta-feira (26), integrando mais de 250 estudantes e colaboradores do programa.<\/p>\n<p><a href=\"http:\/\/www.muricionline.com.br\/novo\/wp-content\/uploads\/2017\/10\/PSX_20171025_073259.jpg\"><img loading=\"lazy\" decoding=\"async\" class=\"aligncenter size-full wp-image-6987\" src=\"http:\/\/www.muricionline.com.br\/novo\/wp-content\/uploads\/2017\/10\/PSX_20171025_073259.jpg\" alt=\"\" width=\"5715\" height=\"3552\" srcset=\"http:\/\/www.muricionline.com.br\/novo\/wp-content\/uploads\/2017\/10\/PSX_20171025_073259.jpg 5715w, http:\/\/www.muricionline.com.br\/novo\/wp-content\/uploads\/2017\/10\/PSX_20171025_073259-300x186.jpg 300w, http:\/\/www.muricionline.com.br\/novo\/wp-content\/uploads\/2017\/10\/PSX_20171025_073259-768x477.jpg 768w, http:\/\/www.muricionline.com.br\/novo\/wp-content\/uploads\/2017\/10\/PSX_20171025_073259-1024x636.jpg 1024w\" sizes=\"(max-width: 5715px) 100vw, 5715px\" \/><\/a><\/p>\n<p>\u201cEssa iniciativa tem o intuito de reunir todos os alunos da EJA do munic\u00edpio e homenagear os 200 anos de Alagoas, al\u00e9m de promover a intera\u00e7\u00e3o entre as escolas\u201d, explica Sandra Gon\u00e7alves, vice-diretora da escola Nossa Senhora das Gra\u00e7as.<\/p>\n<p><a href=\"http:\/\/www.muricionline.com.br\/novo\/wp-content\/uploads\/2017\/10\/PSX_20171025_074030.jpg\"><img loading=\"lazy\" decoding=\"async\" class=\"aligncenter size-full wp-image-6988\" src=\"http:\/\/www.muricionline.com.br\/novo\/wp-content\/uploads\/2017\/10\/PSX_20171025_074030.jpg\" alt=\"\" width=\"6000\" height=\"4000\" srcset=\"http:\/\/www.muricionline.com.br\/novo\/wp-content\/uploads\/2017\/10\/PSX_20171025_074030.jpg 6000w, http:\/\/www.muricionline.com.br\/novo\/wp-content\/uploads\/2017\/10\/PSX_20171025_074030-300x200.jpg 300w, http:\/\/www.muricionline.com.br\/novo\/wp-content\/uploads\/2017\/10\/PSX_20171025_074030-768x512.jpg 768w, http:\/\/www.muricionline.com.br\/novo\/wp-content\/uploads\/2017\/10\/PSX_20171025_074030-1024x683.jpg 1024w\" sizes=\"(max-width: 6000px) 100vw, 6000px\" \/><\/a><\/p>\n<p>A cerim\u00f4nia de abertura da Gincana Cultural iniciou-se com desfile dos alunos e apresenta\u00e7\u00e3o dos gritos de guerra das turmas. Teve, ainda, a apresenta\u00e7\u00e3o da banda municipal de fanfarra Maestro Pedro Augusto.<\/p>\n<p><a href=\"http:\/\/www.muricionline.com.br\/novo\/wp-content\/uploads\/2017\/10\/PSX_20171025_073232.jpg\"><img loading=\"lazy\" decoding=\"async\" class=\"aligncenter size-full wp-image-6986\" src=\"http:\/\/www.muricionline.com.br\/novo\/wp-content\/uploads\/2017\/10\/PSX_20171025_073232.jpg\" alt=\"\" width=\"4444\" height=\"2941\" srcset=\"http:\/\/www.muricionline.com.br\/novo\/wp-content\/uploads\/2017\/10\/PSX_20171025_073232.jpg 4444w, http:\/\/www.muricionline.com.br\/novo\/wp-content\/uploads\/2017\/10\/PSX_20171025_073232-300x199.jpg 300w, http:\/\/www.muricionline.com.br\/novo\/wp-content\/uploads\/2017\/10\/PSX_20171025_073232-768x508.jpg 768w, http:\/\/www.muricionline.com.br\/novo\/wp-content\/uploads\/2017\/10\/PSX_20171025_073232-1024x678.jpg 1024w\" sizes=\"(max-width: 4444px) 100vw, 4444px\" \/><\/a><\/p>\n<p>O evento foi prestigiado pela secret\u00e1ria municipal de Educa\u00e7\u00e3o, Cristina Pereira e o vereador Edinaldo Lino (Buneco), entre outros convidados.<\/p>\n<p><a href=\"http:\/\/www.muricionline.com.br\/novo\/wp-content\/uploads\/2017\/10\/PSX_20171025_074118.jpg\"><img loading=\"lazy\" decoding=\"async\" class=\"aligncenter size-full wp-image-6989\" src=\"http:\/\/www.muricionline.com.br\/novo\/wp-content\/uploads\/2017\/10\/PSX_20171025_074118.jpg\" alt=\"\" width=\"4689\" height=\"2954\" srcset=\"http:\/\/www.muricionline.com.br\/novo\/wp-content\/uploads\/2017\/10\/PSX_20171025_074118.jpg 4689w, http:\/\/www.muricionline.com.br\/novo\/wp-content\/uploads\/2017\/10\/PSX_20171025_074118-300x189.jpg 300w, http:\/\/www.muricionline.com.br\/novo\/wp-content\/uploads\/2017\/10\/PSX_20171025_074118-768x484.jpg 768w, http:\/\/www.muricionline.com.br\/novo\/wp-content\/uploads\/2017\/10\/PSX_20171025_074118-1024x645.jpg 1024w\" sizes=\"(max-width: 4689px) 100vw, 4689px\" \/><\/a><\/p>\n<p>&nbsp;<\/p>\n<p>Texto e fotos Jailson Col\u00e1cio&nbsp;<\/p>\n<span style=\"clear:both;display:none;\"><img src=\"http:\/\/www.muricionline.com.br\/novo\/wp-content\/plugins\/wp-spamfree\/img\/wpsf-img.php\" width=\"0\" height=\"0\" alt=\"\" style=\"border-style:none;width:0px;height:0px;display:none;\" \/><\/span>","protected":false},"excerpt":{"rendered":"<p>A Educa\u00e7\u00e3o de Jovens e Adultos (EJA) das Escolas Nossa Senhora das Gra\u00e7as e Governador Lamenha Filho, em Murici, iniciaram ontem a noite, a 5\u00aa Gincana Cultural. O evento se estender\u00e1 at\u00e9 a pr\u00f3xima quinta-feira (26), integrando mais de 250 estudantes e colaboradores do programa. \u201cEssa iniciativa tem o intuito de reunir todos os alunos&#8230;<\/p>\n","protected":false},"author":1,"featured_media":6985,"comment_status":"open","ping_status":"open","sticky":false,"template":"","format":"standard","meta":{"footnotes":""},"categories":[1],"tags":[5],"_links":{"self":[{"href":"http:\/\/www.muricionline.com.br\/novo\/index.php?rest_route=\/wp\/v2\/posts\/6984"}],"collection":[{"href":"http:\/\/www.muricionline.com.br\/novo\/index.php?rest_route=\/wp\/v2\/posts"}],"about":[{"href":"http:\/\/www.muricionline.com.br\/novo\/index.php?rest_route=\/wp\/v2\/types\/post"}],"author":[{"embeddable":true,"href":"http:\/\/www.muricionline.com.br\/novo\/index.php?rest_route=\/wp\/v2\/users\/1"}],"replies":[{"embeddable":true,"href":"http:\/\/www.muricionline.com.br\/novo\/index.php?rest_route=%2Fwp%2Fv2%2Fcomments&post=6984"}],"version-history":[{"count":2,"href":"http:\/\/www.muricionline.com.br\/novo\/index.php?rest_route=\/wp\/v2\/posts\/6984\/revisions"}],"predecessor-version":[{"id":6991,"href":"http:\/\/www.muricionline.com.br\/novo\/index.php?rest_route=\/wp\/v2\/posts\/6984\/revisions\/6991"}],"wp:featuredmedia":[{"embeddable":true,"href":"http:\/\/www.muricionline.com.br\/novo\/index.php?rest_route=\/wp\/v2\/media\/6985"}],"wp:attachment":[{"href":"http:\/\/www.muricionline.com.br\/novo\/index.php?rest_route=%2Fwp%2Fv2%2Fmedia&parent=6984"}],"wp:term":[{"taxonomy":"category","embeddable":true,"href":"http:\/\/www.muricionline.com.br\/novo\/index.php?rest_route=%2Fwp%2Fv2%2Fcategories&post=6984"},{"taxonomy":"post_tag","embeddable":true,"href":"http:\/\/www.muricionline.com.br\/novo\/index.php?rest_route=%2Fwp%2Fv2%2Ftags&post=6984"}],"curies":[{"name":"wp","href":"https:\/\/api.w.org\/{rel}","templated":true}]}}