{"id":6992,"date":"2017-10-25T14:25:19","date_gmt":"2017-10-25T17:25:19","guid":{"rendered":"http:\/\/www.muricionline.com.br\/novo\/?p=6992"},"modified":"2017-10-25T14:25:19","modified_gmt":"2017-10-25T17:25:19","slug":"em-murici-secretaria-de-saude-leva-acoes-do-outubro-rosa-a-zona-rural","status":"publish","type":"post","link":"http:\/\/www.muricionline.com.br\/novo\/?p=6992","title":{"rendered":"Em Murici, Secretaria de Sa\u00fade leva a\u00e7\u00f5es do Outubro Rosa a zona rural"},"content":{"rendered":"<p>Com a presen\u00e7a do secret\u00e1rio de municipal de Murici, a Prefeitura de Murici atrav\u00e9s da Secretaria Municipal de Sa\u00fade proporcionou ao p\u00fablico feminino da zona rural, na ter\u00e7a-feira (24\/10), diversas atividades com o objetivo de conscientizar as mulheres sobre o \u201cOutubro Rosa\u201d.<\/p>\n<p><a href=\"http:\/\/www.muricionline.com.br\/novo\/wp-content\/uploads\/2017\/10\/IMG-20171024-WA0263.jpg\"><img loading=\"lazy\" decoding=\"async\" class=\"aligncenter size-full wp-image-6994\" src=\"http:\/\/www.muricionline.com.br\/novo\/wp-content\/uploads\/2017\/10\/IMG-20171024-WA0263.jpg\" alt=\"\" width=\"1232\" height=\"816\" srcset=\"http:\/\/www.muricionline.com.br\/novo\/wp-content\/uploads\/2017\/10\/IMG-20171024-WA0263.jpg 1232w, http:\/\/www.muricionline.com.br\/novo\/wp-content\/uploads\/2017\/10\/IMG-20171024-WA0263-300x199.jpg 300w, http:\/\/www.muricionline.com.br\/novo\/wp-content\/uploads\/2017\/10\/IMG-20171024-WA0263-768x509.jpg 768w, http:\/\/www.muricionline.com.br\/novo\/wp-content\/uploads\/2017\/10\/IMG-20171024-WA0263-1024x678.jpg 1024w\" sizes=\"(max-width: 1232px) 100vw, 1232px\" \/><\/a><\/p>\n<p>Colaboradores e t\u00e9cnicos da Sa\u00fade dedicaram-se para alertar as mulheres sobre os principais cuidados no combate ao c\u00e2ncer de mama. As a\u00e7\u00f5es foram realizadas no P\u00e1tio da Escola do Assentamento Dom Helder.<\/p>\n<p>Al\u00e9m do c\u00e2ncer de mama, os t\u00e9cnicos da Sa\u00fade tamb\u00e9m alertaram sobre a preven\u00e7\u00e3o ao c\u00e2ncer de colo do \u00fatero e realizaram consutas m\u00e9dicas, testes de glicemia e aferi\u00e7\u00e3o de press\u00e3o arterial.<\/p>\n<p><a href=\"http:\/\/www.muricionline.com.br\/novo\/wp-content\/uploads\/2017\/10\/IMG-20171024-WA0262.jpg\"><img loading=\"lazy\" decoding=\"async\" class=\"aligncenter size-full wp-image-6995\" src=\"http:\/\/www.muricionline.com.br\/novo\/wp-content\/uploads\/2017\/10\/IMG-20171024-WA0262.jpg\" alt=\"\" width=\"1232\" height=\"816\" srcset=\"http:\/\/www.muricionline.com.br\/novo\/wp-content\/uploads\/2017\/10\/IMG-20171024-WA0262.jpg 1232w, http:\/\/www.muricionline.com.br\/novo\/wp-content\/uploads\/2017\/10\/IMG-20171024-WA0262-300x199.jpg 300w, http:\/\/www.muricionline.com.br\/novo\/wp-content\/uploads\/2017\/10\/IMG-20171024-WA0262-768x509.jpg 768w, http:\/\/www.muricionline.com.br\/novo\/wp-content\/uploads\/2017\/10\/IMG-20171024-WA0262-1024x678.jpg 1024w\" sizes=\"(max-width: 1232px) 100vw, 1232px\" \/><\/a><\/p>\n<p>Fotos: Erivan Batista&nbsp;<\/p>\n<span style=\"clear:both;display:none;\"><img src=\"http:\/\/www.muricionline.com.br\/novo\/wp-content\/plugins\/wp-spamfree\/img\/wpsf-img.php\" width=\"0\" height=\"0\" alt=\"\" style=\"border-style:none;width:0px;height:0px;display:none;\" \/><\/span>","protected":false},"excerpt":{"rendered":"<p>Com a presen\u00e7a do secret\u00e1rio de municipal de Murici, a Prefeitura de Murici atrav\u00e9s da Secretaria Municipal de Sa\u00fade proporcionou ao p\u00fablico feminino da zona rural, na ter\u00e7a-feira (24\/10), diversas atividades com o objetivo de conscientizar as mulheres sobre o \u201cOutubro Rosa\u201d. Colaboradores e t\u00e9cnicos da Sa\u00fade dedicaram-se para alertar as mulheres sobre os principais&#8230;<\/p>\n","protected":false},"author":1,"featured_media":6993,"comment_status":"open","ping_status":"open","sticky":false,"template":"","format":"standard","meta":{"footnotes":""},"categories":[1],"tags":[5],"_links":{"self":[{"href":"http:\/\/www.muricionline.com.br\/novo\/index.php?rest_route=\/wp\/v2\/posts\/6992"}],"collection":[{"href":"http:\/\/www.muricionline.com.br\/novo\/index.php?rest_route=\/wp\/v2\/posts"}],"about":[{"href":"http:\/\/www.muricionline.com.br\/novo\/index.php?rest_route=\/wp\/v2\/types\/post"}],"author":[{"embeddable":true,"href":"http:\/\/www.muricionline.com.br\/novo\/index.php?rest_route=\/wp\/v2\/users\/1"}],"replies":[{"embeddable":true,"href":"http:\/\/www.muricionline.com.br\/novo\/index.php?rest_route=%2Fwp%2Fv2%2Fcomments&post=6992"}],"version-history":[{"count":1,"href":"http:\/\/www.muricionline.com.br\/novo\/index.php?rest_route=\/wp\/v2\/posts\/6992\/revisions"}],"predecessor-version":[{"id":6996,"href":"http:\/\/www.muricionline.com.br\/novo\/index.php?rest_route=\/wp\/v2\/posts\/6992\/revisions\/6996"}],"wp:featuredmedia":[{"embeddable":true,"href":"http:\/\/www.muricionline.com.br\/novo\/index.php?rest_route=\/wp\/v2\/media\/6993"}],"wp:attachment":[{"href":"http:\/\/www.muricionline.com.br\/novo\/index.php?rest_route=%2Fwp%2Fv2%2Fmedia&parent=6992"}],"wp:term":[{"taxonomy":"category","embeddable":true,"href":"http:\/\/www.muricionline.com.br\/novo\/index.php?rest_route=%2Fwp%2Fv2%2Fcategories&post=6992"},{"taxonomy":"post_tag","embeddable":true,"href":"http:\/\/www.muricionline.com.br\/novo\/index.php?rest_route=%2Fwp%2Fv2%2Ftags&post=6992"}],"curies":[{"name":"wp","href":"https:\/\/api.w.org\/{rel}","templated":true}]}}