{"id":6997,"date":"2017-10-26T08:38:55","date_gmt":"2017-10-26T11:38:55","guid":{"rendered":"http:\/\/www.muricionline.com.br\/novo\/?p=6997"},"modified":"2017-10-26T08:44:16","modified_gmt":"2017-10-26T11:44:16","slug":"novo-predio-da-camara-municipal-de-murici-e-inaugurado-com-sessao-solene-e-grande-participacao-popular","status":"publish","type":"post","link":"http:\/\/www.muricionline.com.br\/novo\/?p=6997","title":{"rendered":"NOVO PR\u00c9DIO DA C\u00c2MARA MUNICIPAL DE MURICI \u00c9 INAUGURADO COM SESS\u00c3O SOLENE E GRANDE PARTICIPA\u00c7\u00c3O POPULAR"},"content":{"rendered":"<p>Em noite de festa, sess\u00e3o solene e apresenta\u00e7\u00e3o da banda de fanfarra municipal, foi inaugurado na noite de ontem, quarta-feira (25), o Novo Pr\u00e9dio do Poder Legislativo Muriciense, localizado na Rua Firmino de Queiroz, no Centro Murici.<\/p>\n<p>&nbsp;<\/p>\n<p><a href=\"http:\/\/www.muricionline.com.br\/novo\/wp-content\/uploads\/2017\/10\/FB_IMG_1509017336699.jpg\"><img loading=\"lazy\" decoding=\"async\" class=\"aligncenter size-full wp-image-7005\" src=\"http:\/\/www.muricionline.com.br\/novo\/wp-content\/uploads\/2017\/10\/FB_IMG_1509017336699.jpg\" alt=\"\" width=\"960\" height=\"622\" srcset=\"http:\/\/www.muricionline.com.br\/novo\/wp-content\/uploads\/2017\/10\/FB_IMG_1509017336699.jpg 960w, http:\/\/www.muricionline.com.br\/novo\/wp-content\/uploads\/2017\/10\/FB_IMG_1509017336699-300x194.jpg 300w, http:\/\/www.muricionline.com.br\/novo\/wp-content\/uploads\/2017\/10\/FB_IMG_1509017336699-768x498.jpg 768w\" sizes=\"(max-width: 960px) 100vw, 960px\" \/><\/a><\/p>\n<p>O corte inaugural da fita foi realizado pelo presidente da C\u00e2mara, Fausto Batista (PMDB), juntamente com o com os demais vereadores, na sequ\u00eancia os mesmos acompanhados pelo Prefeito de Murici, Olavo Calheiros Neto, fizeram o descerramento da placa inaugural.<\/p>\n<p><a href=\"http:\/\/www.muricionline.com.br\/novo\/wp-content\/uploads\/2017\/10\/FB_IMG_1509017466426.jpg\"><img loading=\"lazy\" decoding=\"async\" class=\"aligncenter size-full wp-image-7002\" src=\"http:\/\/www.muricionline.com.br\/novo\/wp-content\/uploads\/2017\/10\/FB_IMG_1509017466426.jpg\" alt=\"\" width=\"960\" height=\"579\" srcset=\"http:\/\/www.muricionline.com.br\/novo\/wp-content\/uploads\/2017\/10\/FB_IMG_1509017466426.jpg 960w, http:\/\/www.muricionline.com.br\/novo\/wp-content\/uploads\/2017\/10\/FB_IMG_1509017466426-300x181.jpg 300w, http:\/\/www.muricionline.com.br\/novo\/wp-content\/uploads\/2017\/10\/FB_IMG_1509017466426-768x463.jpg 768w\" sizes=\"(max-width: 960px) 100vw, 960px\" \/><\/a><\/p>\n<p>A nova sede do legislativo muriciense disp\u00f5e de amplo espa\u00e7o para atender a popula\u00e7\u00e3o, com salas para a presid\u00eancia, assessoria jur\u00eddica, contabilidade, secretaria, plen\u00e1rio climatizado com capacidade para 80 pessoas e gabinetes para os vereadores, dentre outras estruturas necess\u00e1rias ao bom desempenho das atividades parlamentares.<\/p>\n<p><a href=\"http:\/\/www.muricionline.com.br\/novo\/wp-content\/uploads\/2017\/10\/FB_IMG_1509017328344.jpg\"><img loading=\"lazy\" decoding=\"async\" class=\"aligncenter size-full wp-image-7003\" src=\"http:\/\/www.muricionline.com.br\/novo\/wp-content\/uploads\/2017\/10\/FB_IMG_1509017328344.jpg\" alt=\"\" width=\"960\" height=\"599\" srcset=\"http:\/\/www.muricionline.com.br\/novo\/wp-content\/uploads\/2017\/10\/FB_IMG_1509017328344.jpg 960w, http:\/\/www.muricionline.com.br\/novo\/wp-content\/uploads\/2017\/10\/FB_IMG_1509017328344-300x187.jpg 300w, http:\/\/www.muricionline.com.br\/novo\/wp-content\/uploads\/2017\/10\/FB_IMG_1509017328344-768x479.jpg 768w\" sizes=\"(max-width: 960px) 100vw, 960px\" \/><\/a><\/p>\n<p>V\u00e1rios seguimentos da sociedade muriciense prestigiaram a cerim\u00f4nia de inaugura\u00e7\u00e3o, que contou com as presen\u00e7as do vereador Fabiano Le\u00e3o, presidente da Uni\u00e3o dos Vereadores de Alagoas UVEAL, do vice-prefeito de Murici, Deivinho Vasconcelos, o Pe. Geison Ara\u00fajo, Pastores evang\u00e9licos, secret\u00e1rios municipais e os ex-prefeitos de Murici, Remi Calheiros e Glauber Ten\u00f3rio.<\/p>\n<p><a href=\"http:\/\/www.muricionline.com.br\/novo\/wp-content\/uploads\/2017\/10\/FB_IMG_1509017463443.jpg\"><img loading=\"lazy\" decoding=\"async\" class=\"aligncenter size-full wp-image-6999\" src=\"http:\/\/www.muricionline.com.br\/novo\/wp-content\/uploads\/2017\/10\/FB_IMG_1509017463443.jpg\" alt=\"\" width=\"960\" height=\"640\" srcset=\"http:\/\/www.muricionline.com.br\/novo\/wp-content\/uploads\/2017\/10\/FB_IMG_1509017463443.jpg 960w, http:\/\/www.muricionline.com.br\/novo\/wp-content\/uploads\/2017\/10\/FB_IMG_1509017463443-300x200.jpg 300w, http:\/\/www.muricionline.com.br\/novo\/wp-content\/uploads\/2017\/10\/FB_IMG_1509017463443-768x512.jpg 768w\" sizes=\"(max-width: 960px) 100vw, 960px\" \/><\/a><\/p>\n<p><a href=\"http:\/\/www.muricionline.com.br\/novo\/wp-content\/uploads\/2017\/10\/FB_IMG_1509017342493.jpg\"><img loading=\"lazy\" decoding=\"async\" class=\"aligncenter size-full wp-image-7000\" src=\"http:\/\/www.muricionline.com.br\/novo\/wp-content\/uploads\/2017\/10\/FB_IMG_1509017342493.jpg\" alt=\"\" width=\"960\" height=\"607\" srcset=\"http:\/\/www.muricionline.com.br\/novo\/wp-content\/uploads\/2017\/10\/FB_IMG_1509017342493.jpg 960w, http:\/\/www.muricionline.com.br\/novo\/wp-content\/uploads\/2017\/10\/FB_IMG_1509017342493-300x190.jpg 300w, http:\/\/www.muricionline.com.br\/novo\/wp-content\/uploads\/2017\/10\/FB_IMG_1509017342493-768x486.jpg 768w\" sizes=\"(max-width: 960px) 100vw, 960px\" \/><\/a><\/p>\n<blockquote><p><a href=\"http:\/\/www.muricionline.com.br\/novo\/wp-content\/uploads\/2017\/10\/FB_IMG_1509017322546.jpg\"><img loading=\"lazy\" decoding=\"async\" class=\"aligncenter size-full wp-image-7001\" src=\"http:\/\/www.muricionline.com.br\/novo\/wp-content\/uploads\/2017\/10\/FB_IMG_1509017322546.jpg\" alt=\"\" width=\"960\" height=\"537\" srcset=\"http:\/\/www.muricionline.com.br\/novo\/wp-content\/uploads\/2017\/10\/FB_IMG_1509017322546.jpg 960w, http:\/\/www.muricionline.com.br\/novo\/wp-content\/uploads\/2017\/10\/FB_IMG_1509017322546-300x168.jpg 300w, http:\/\/www.muricionline.com.br\/novo\/wp-content\/uploads\/2017\/10\/FB_IMG_1509017322546-768x430.jpg 768w\" sizes=\"(max-width: 960px) 100vw, 960px\" \/><\/a><\/p><\/blockquote>\n<p>Texto e fotos Jailson Col\u00e1cio<\/p>\n<span style=\"clear:both;display:none;\"><img src=\"http:\/\/www.muricionline.com.br\/novo\/wp-content\/plugins\/wp-spamfree\/img\/wpsf-img.php\" width=\"0\" height=\"0\" alt=\"\" style=\"border-style:none;width:0px;height:0px;display:none;\" \/><\/span>","protected":false},"excerpt":{"rendered":"<p>Em noite de festa, sess\u00e3o solene e apresenta\u00e7\u00e3o da banda de fanfarra municipal, foi inaugurado na noite de ontem, quarta-feira (25), o Novo Pr\u00e9dio do Poder Legislativo Muriciense, localizado na Rua Firmino de Queiroz, no Centro Murici. &nbsp; O corte inaugural da fita foi realizado pelo presidente da C\u00e2mara, Fausto Batista (PMDB), juntamente com o&#8230;<\/p>\n","protected":false},"author":1,"featured_media":6998,"comment_status":"open","ping_status":"open","sticky":false,"template":"","format":"standard","meta":{"footnotes":""},"categories":[7,1],"tags":[5],"_links":{"self":[{"href":"http:\/\/www.muricionline.com.br\/novo\/index.php?rest_route=\/wp\/v2\/posts\/6997"}],"collection":[{"href":"http:\/\/www.muricionline.com.br\/novo\/index.php?rest_route=\/wp\/v2\/posts"}],"about":[{"href":"http:\/\/www.muricionline.com.br\/novo\/index.php?rest_route=\/wp\/v2\/types\/post"}],"author":[{"embeddable":true,"href":"http:\/\/www.muricionline.com.br\/novo\/index.php?rest_route=\/wp\/v2\/users\/1"}],"replies":[{"embeddable":true,"href":"http:\/\/www.muricionline.com.br\/novo\/index.php?rest_route=%2Fwp%2Fv2%2Fcomments&post=6997"}],"version-history":[{"count":2,"href":"http:\/\/www.muricionline.com.br\/novo\/index.php?rest_route=\/wp\/v2\/posts\/6997\/revisions"}],"predecessor-version":[{"id":7007,"href":"http:\/\/www.muricionline.com.br\/novo\/index.php?rest_route=\/wp\/v2\/posts\/6997\/revisions\/7007"}],"wp:featuredmedia":[{"embeddable":true,"href":"http:\/\/www.muricionline.com.br\/novo\/index.php?rest_route=\/wp\/v2\/media\/6998"}],"wp:attachment":[{"href":"http:\/\/www.muricionline.com.br\/novo\/index.php?rest_route=%2Fwp%2Fv2%2Fmedia&parent=6997"}],"wp:term":[{"taxonomy":"category","embeddable":true,"href":"http:\/\/www.muricionline.com.br\/novo\/index.php?rest_route=%2Fwp%2Fv2%2Fcategories&post=6997"},{"taxonomy":"post_tag","embeddable":true,"href":"http:\/\/www.muricionline.com.br\/novo\/index.php?rest_route=%2Fwp%2Fv2%2Ftags&post=6997"}],"curies":[{"name":"wp","href":"https:\/\/api.w.org\/{rel}","templated":true}]}}