{"id":7008,"date":"2017-10-26T14:26:34","date_gmt":"2017-10-26T17:26:34","guid":{"rendered":"http:\/\/www.muricionline.com.br\/novo\/?p=7008"},"modified":"2017-10-26T14:28:49","modified_gmt":"2017-10-26T17:28:49","slug":"policia-militar-realiza-solenidade-de-passagem-de-comando-do-2o-bpm-em-uniao-dos-palmares","status":"publish","type":"post","link":"http:\/\/www.muricionline.com.br\/novo\/?p=7008","title":{"rendered":"Pol\u00edcia Militar realiza solenidade de passagem de comando do 2\u00ba BPM em Uni\u00e3o dos Palmares"},"content":{"rendered":"<p><strong>A Pol\u00edcia Militar realizou nesta quarta-feira,25,<\/strong>&nbsp;a solenidade de passagem de comando do 2\u00ba Batalh\u00e3o, localizado em Uni\u00e3o dos Palmares, regi\u00e3o da Mata alagoana, que ter\u00e1 o comando do tenente-coronel, Pantale\u00e3o Ferro, que recebeu solenemente o cargo do coronel Nericinor Sarmento do Estado Maior.<\/p>\n<p>A transmiss\u00e3o do cargo foi prestigiada pelo ex-governador Manoel Gomes de Barros, o prefeito, Areski Freitas, vereadores Elvis Alan, Jailson Vicente(presidente), Maria de Tutu, Caju, Netinho de Dr Paulo, Bruno Lopes, Manoel Messias, Ailton Ten\u00f3rio, D\u00e9 Motot\u00e1xi, Almir Belo, C\u00edcero Aureliano e o vice-presidente, Ricardo Praxedes.<\/p>\n<p>O deputado estadual, Chico Ten\u00f3rio, representou o presidente da Assembleia Legislativa na solenidade que tamb\u00e9m contou com o ex-prefeito, Paulo Roberto de Ara\u00fajo Neno, G\u00e9o Cruz, prefeito de Ibateguara, M\u00e3e Neide, Padre \u00c9lcio, o Capel\u00e3o da PM, o coordenador em Alagoas da Lei Seca, o diretor da PRF, Maia, Major Luciano e Sargento Alex, do Corpo de Bombeiros Militar, Daniel da Quaker, Eliane do Globo, a presidente da OAB seccional de Alagoas, Magda e representantes da Semed, atrav\u00e9s das professoras L\u00facia e Madalena.<\/p>\n<p>Uma das atra\u00e7\u00f5es da solenidade de transmiss\u00e3o de comando, foi a exibi\u00e7\u00e3o de alunos da escola Milton Afonso (Adventistas do S\u00e9timo Dia) de Uni\u00e3o dos Palmares, com passos sincronizados numa demonstra\u00e7\u00e3o de desfile militar perfeita. O evento foi marcado pelo manuten\u00e7\u00e3o das tradi\u00e7\u00f5es dentro da Pol\u00edcia Milita de Alagoas que&nbsp;resiste&nbsp;ao longo dos anos esse tipo de evento.<\/p>\n<p>&#8220;N\u00e3o tem sentido os Batalh\u00f5es serem comandados por gerentes ao inv\u00e9s dos coron\u00e9is designados para a fun\u00e7\u00e3o &#8211; defendeu o coronel Nericino Sarmento, exaltando a disposi\u00e7\u00e3o do novo comandante da corpora\u00e7\u00e3o, Pantale\u00e3o Ferro.<\/p>\n<p>Para o coronel Albuquerque, do CPI-A3 a &#8220;miss\u00e3o da pol\u00edcia militar nessa regi\u00e3o \u00e9 estancar a viol\u00eancia, onde dados estat\u00edsticos comprovam a efici\u00eancia da PM na regi\u00e3o e principalmente&nbsp;em Uni\u00e3o dos Palmares, onde os n\u00fameros de homicidios cairam de maneira convincente &#8211; disse. Antes da fala do novo comandante, foi lido o curriculum vitae do coronel, Pantale\u00e3o Ferro. &#8220;Quero reafirmar o nosso compromisso em proteger a sociedade alagoana, onde&nbsp;a nossa miss\u00e3o ser\u00e1 a de manter a ordem e sobretudo a garantia dos&nbsp; direitos da cidadania&#8221;, disse Pantale\u00e3o.<\/p>\n<p>Para o ex-governador Manoel Gomes de Barros,\u201cO nome do novo comandante do 2\u00ba Batalh\u00e3o n\u00e3o poderia ter sido melhor escolhido. Pantale\u00e3o Ferro&nbsp;\u00e9 um oficial competente e que tenho convic\u00e7\u00e3o de que far\u00e1 um excelente trabalho nesta regi\u00e3o, com estes policiais abnegados, que muito&nbsp;orgulham a nossa cidade&#8221;, comentou o pol\u00edtico.<\/p>\n<p>Conforme o protocolo militar, ap\u00f3s o momento de transmiss\u00e3o de cargo, o novo&nbsp;comandante foi&nbsp;apresentado ao Comando do Estado Maior da PM, coronel Nercinor Sarmento que&nbsp;passaram em revista \u00e0 tropa. O momento foi seguido pelo desfile militar em contin\u00eancia ao novo comandante.<\/p>\n<p>&nbsp;<\/p>\n<p>Com Ivan Nunes&nbsp;<\/p>\n<span style=\"clear:both;display:none;\"><img src=\"http:\/\/www.muricionline.com.br\/novo\/wp-content\/plugins\/wp-spamfree\/img\/wpsf-img.php\" width=\"0\" height=\"0\" alt=\"\" style=\"border-style:none;width:0px;height:0px;display:none;\" \/><\/span>","protected":false},"excerpt":{"rendered":"<p>A Pol\u00edcia Militar realizou nesta quarta-feira,25,&nbsp;a solenidade de passagem de comando do 2\u00ba Batalh\u00e3o, localizado em Uni\u00e3o dos Palmares, regi\u00e3o da Mata alagoana, que ter\u00e1 o comando do tenente-coronel, Pantale\u00e3o Ferro, que recebeu solenemente o cargo do coronel Nericinor Sarmento do Estado Maior. A transmiss\u00e3o do cargo foi prestigiada pelo ex-governador Manoel Gomes de Barros,&#8230;<\/p>\n","protected":false},"author":1,"featured_media":7012,"comment_status":"open","ping_status":"open","sticky":false,"template":"","format":"standard","meta":{"footnotes":""},"categories":[1],"tags":[5],"_links":{"self":[{"href":"http:\/\/www.muricionline.com.br\/novo\/index.php?rest_route=\/wp\/v2\/posts\/7008"}],"collection":[{"href":"http:\/\/www.muricionline.com.br\/novo\/index.php?rest_route=\/wp\/v2\/posts"}],"about":[{"href":"http:\/\/www.muricionline.com.br\/novo\/index.php?rest_route=\/wp\/v2\/types\/post"}],"author":[{"embeddable":true,"href":"http:\/\/www.muricionline.com.br\/novo\/index.php?rest_route=\/wp\/v2\/users\/1"}],"replies":[{"embeddable":true,"href":"http:\/\/www.muricionline.com.br\/novo\/index.php?rest_route=%2Fwp%2Fv2%2Fcomments&post=7008"}],"version-history":[{"count":2,"href":"http:\/\/www.muricionline.com.br\/novo\/index.php?rest_route=\/wp\/v2\/posts\/7008\/revisions"}],"predecessor-version":[{"id":7013,"href":"http:\/\/www.muricionline.com.br\/novo\/index.php?rest_route=\/wp\/v2\/posts\/7008\/revisions\/7013"}],"wp:featuredmedia":[{"embeddable":true,"href":"http:\/\/www.muricionline.com.br\/novo\/index.php?rest_route=\/wp\/v2\/media\/7012"}],"wp:attachment":[{"href":"http:\/\/www.muricionline.com.br\/novo\/index.php?rest_route=%2Fwp%2Fv2%2Fmedia&parent=7008"}],"wp:term":[{"taxonomy":"category","embeddable":true,"href":"http:\/\/www.muricionline.com.br\/novo\/index.php?rest_route=%2Fwp%2Fv2%2Fcategories&post=7008"},{"taxonomy":"post_tag","embeddable":true,"href":"http:\/\/www.muricionline.com.br\/novo\/index.php?rest_route=%2Fwp%2Fv2%2Ftags&post=7008"}],"curies":[{"name":"wp","href":"https:\/\/api.w.org\/{rel}","templated":true}]}}