{"id":7026,"date":"2017-10-28T10:22:35","date_gmt":"2017-10-28T13:22:35","guid":{"rendered":"http:\/\/www.muricionline.com.br\/novo\/?p=7026"},"modified":"2017-10-28T10:23:17","modified_gmt":"2017-10-28T13:23:17","slug":"dia-de-prestacao-de-contas-em-uniao-dos-palmarees-prefeito-esclarece-duvidas-sobre-gastos-publicos","status":"publish","type":"post","link":"http:\/\/www.muricionline.com.br\/novo\/?p=7026","title":{"rendered":"Dia de presta\u00e7\u00e3o de contas em Uni\u00e3o dos Palmarees; prefeito esclarece d\u00favidas sobre gastos p\u00fablicos"},"content":{"rendered":"<div class=\"env manchete-int\">Uni\u00e3o dos Palmares: Na manh\u00e3 da \u00faltima sexta-feira (27\/10), o prefeito Kil Freitas (PMDB) recebeu a imprensa e representa\u00e7\u00f5es do munic\u00edpio para esclarecer not\u00edcias que repercutiram na m\u00eddia nos \u00faltimos dias e falar sobre projetos de obras para Uni\u00e3o dos Palmares. Referente aos boatos de gastos de mais de um milh\u00e3o em urnas funer\u00e1rias, Kil declarou que n\u00e3o h\u00e1 irregularidades na ata de registros, estando nos conformes da legalidade, pois o pre\u00e7o do preg\u00e3o ficou abaixo dos valores praticados pelas funer\u00e1rias locais e o munic\u00edpio s\u00f3 adquiriu, at\u00e9 o presente momento de 2017, duas urnas funer\u00e1rias, com base em solicita\u00e7\u00f5es da popula\u00e7\u00e3o carente, segundo dados apurados pela secretaria de assist\u00eancia social.<\/div>\n<div class=\"env texto\"><em>\u201cAs pessoas interpretaram errado os fatos que lhe chegaram, o que foi gasto pelo munic\u00edpio n\u00e3o \u00e9 o que se encontra estimado em ata, vai de acordo com a necessidade da popula\u00e7\u00e3o. Ali s\u00f3 \u00e9 uma estimativa. \u00c9 como se tiv\u00e9ssemos cr\u00e9dito para um supermercado inteiro a nossa disposi\u00e7\u00e3o, mas n\u00f3s s\u00f3 adquirimos o que de fato os produtos que precisamos. A informa\u00e7\u00e3o de que temos gasto mais de um milh\u00e3o \u00e9 totalmente falsa e distorcida, uma narrativa criada para manipular a popula\u00e7\u00e3o em tempos em que esta se encontra mais vulner\u00e1vel: a crise econ\u00f4mica do pa\u00eds\u201d, explica Kil, que afirma que o valor foi estimado com base na licita\u00e7\u00e3o do ano de 2016, pr\u00e1tica comum entre gest\u00f5es. O prefeito deixou sua equipe e documentos \u00e0 disposi\u00e7\u00e3o para quem desejar averiguar os fatos. \u201cEstamos de portas abertas para receber a comunidade aqui na prefeitura, principalmente para qualquer tipo de den\u00fancia que defenda os interesses p\u00fablicos. Seremos os primeiros a apurar\u201d, disse Kil, que explica ainda que a elabora\u00e7\u00e3o de uma nova ata s\u00f3 implicaria em mais gastos para o munic\u00edpio.<\/em>Kil anunciou ainda que est\u00e1 para processo licitat\u00f3rio at\u00e9 o m\u00eas de novembro a constru\u00e7\u00e3o de tr\u00eas novas creches e cinco postos de sa\u00fade, uma emenda do deputado federal Jo\u00e3o Henrique Caldas, no valor de dois milh\u00f5es, para o cal\u00e7amento do conjunto Sagrada Fam\u00edlia. E adiantou que a folha de pagamento de outubro de comissionados e contratados ser\u00e1 regularizada no pr\u00f3ximo dia 10 de novembro, e em dezembro vai iniciar as negocia\u00e7\u00f5es das folhas atrasadas destes servidores. \u201cN\u00e3o vamos permitir que ningu\u00e9m fique sem receber, estamos buscando recursos para isso\u201d, encerrou o prefeito.<\/p>\n<p><strong>Sa\u00fade<\/strong><\/p>\n<p>Tamb\u00e9m ocorreu na mesma manh\u00e3, uma audi\u00eancia p\u00fablica voltada para a Secretaria Municipal de Sa\u00fade, realizada na C\u00e2mara Municipal dos Vereadores, onde estiveram presentes, al\u00e9m do gestor principal do munic\u00edpio e do vice Jos\u00e9 Alfredo, o secret\u00e1rio da pasta Filipe Almeida e sua equipe t\u00e9cnica e administrativa, apresentando o diagn\u00f3stico financeiro da secretaria nestes dois primeiros quadrimestres de 2017. Os gestores responderam perguntas da popula\u00e7\u00e3o.<\/p>\n<\/div>\n<div class=\"print\">\n<div class=\"env\">\n<div id=\"galleria\">\n<div class=\"galleria-container touch galleria-theme-classic\">\n<div class=\"galleria-stage\">\n<div class=\"galleria-images\">\n<div class=\"galleria-image\"><img loading=\"lazy\" decoding=\"async\" src=\"http:\/\/www.portalnh1.com.br\/images\/noticias\/251\/60417637eef9659edb8c19f15c3e3e9ea3a40c19.jpg\" width=\"351\" height=\"234\"><\/div>\n<div class=\"galleria-image\"><img loading=\"lazy\" decoding=\"async\" src=\"http:\/\/www.portalnh1.com.br\/images\/noticias\/251\/c146383709945367776921aec887cf4778045ed2.jpg\" width=\"351\" height=\"234\"><\/div>\n<\/div>\n<\/div>\n<div>&nbsp;<\/div>\n<div>&nbsp;<\/div>\n<div class=\"galleria-counter\">Com Assessoria de Comunica\u00e7\u00e3o<\/div>\n<div class=\"galleria-counter\">&nbsp;Fotos &#8211; Denilsom Bezerra<\/div>\n<\/div>\n<\/div>\n<\/div>\n<\/div>\n<span style=\"clear:both;display:none;\"><img src=\"http:\/\/www.muricionline.com.br\/novo\/wp-content\/plugins\/wp-spamfree\/img\/wpsf-img.php\" width=\"0\" height=\"0\" alt=\"\" style=\"border-style:none;width:0px;height:0px;display:none;\" \/><\/span>","protected":false},"excerpt":{"rendered":"<p>Uni\u00e3o dos Palmares: Na manh\u00e3 da \u00faltima sexta-feira (27\/10), o prefeito Kil Freitas (PMDB) recebeu a imprensa e representa\u00e7\u00f5es do munic\u00edpio para esclarecer not\u00edcias que repercutiram na m\u00eddia nos \u00faltimos dias e falar sobre projetos de obras para Uni\u00e3o dos Palmares. Referente aos boatos de gastos de mais de um milh\u00e3o em urnas funer\u00e1rias, Kil&#8230;<\/p>\n","protected":false},"author":1,"featured_media":7027,"comment_status":"open","ping_status":"open","sticky":false,"template":"","format":"standard","meta":{"footnotes":""},"categories":[1],"tags":[5],"_links":{"self":[{"href":"http:\/\/www.muricionline.com.br\/novo\/index.php?rest_route=\/wp\/v2\/posts\/7026"}],"collection":[{"href":"http:\/\/www.muricionline.com.br\/novo\/index.php?rest_route=\/wp\/v2\/posts"}],"about":[{"href":"http:\/\/www.muricionline.com.br\/novo\/index.php?rest_route=\/wp\/v2\/types\/post"}],"author":[{"embeddable":true,"href":"http:\/\/www.muricionline.com.br\/novo\/index.php?rest_route=\/wp\/v2\/users\/1"}],"replies":[{"embeddable":true,"href":"http:\/\/www.muricionline.com.br\/novo\/index.php?rest_route=%2Fwp%2Fv2%2Fcomments&post=7026"}],"version-history":[{"count":2,"href":"http:\/\/www.muricionline.com.br\/novo\/index.php?rest_route=\/wp\/v2\/posts\/7026\/revisions"}],"predecessor-version":[{"id":7029,"href":"http:\/\/www.muricionline.com.br\/novo\/index.php?rest_route=\/wp\/v2\/posts\/7026\/revisions\/7029"}],"wp:featuredmedia":[{"embeddable":true,"href":"http:\/\/www.muricionline.com.br\/novo\/index.php?rest_route=\/wp\/v2\/media\/7027"}],"wp:attachment":[{"href":"http:\/\/www.muricionline.com.br\/novo\/index.php?rest_route=%2Fwp%2Fv2%2Fmedia&parent=7026"}],"wp:term":[{"taxonomy":"category","embeddable":true,"href":"http:\/\/www.muricionline.com.br\/novo\/index.php?rest_route=%2Fwp%2Fv2%2Fcategories&post=7026"},{"taxonomy":"post_tag","embeddable":true,"href":"http:\/\/www.muricionline.com.br\/novo\/index.php?rest_route=%2Fwp%2Fv2%2Ftags&post=7026"}],"curies":[{"name":"wp","href":"https:\/\/api.w.org\/{rel}","templated":true}]}}