{"id":7030,"date":"2017-10-28T18:16:48","date_gmt":"2017-10-28T21:16:48","guid":{"rendered":"http:\/\/www.muricionline.com.br\/novo\/?p=7030"},"modified":"2017-10-28T18:18:47","modified_gmt":"2017-10-28T21:18:47","slug":"em-murici-servico-de-convivencia-encerrou-a-semana-de-combate-e-prevencao-a-dengue-com-panfletagem","status":"publish","type":"post","link":"http:\/\/www.muricionline.com.br\/novo\/?p=7030","title":{"rendered":"Em Murici, Servi\u00e7o de Conviv\u00eancia encerrou a semana de combate e preven\u00e7\u00e3o \u00e0 Dengue com panfletagem"},"content":{"rendered":"<p>Com&nbsp; participa\u00e7\u00e3o da Secret\u00e1ria, Soraya Arag\u00e3o Calheiros e apresenta\u00e7\u00e3o da banda &#8220;Bate Lata&#8221; do Cras, o Servi\u00e7o de Conviv\u00eancia e Fortalecimento de V\u00ednculos para Crian\u00e7as e Adolescentes de Murici, encerrou neste final de semana, mais um projeto desenvolvido com os alunos e colaboradores do servi\u00e7o.<\/p>\n<p><a href=\"http:\/\/www.muricionline.com.br\/novo\/wp-content\/uploads\/2017\/10\/20171028_181101.jpg\"><img loading=\"lazy\" decoding=\"async\" class=\"aligncenter size-full wp-image-7031\" src=\"http:\/\/www.muricionline.com.br\/novo\/wp-content\/uploads\/2017\/10\/20171028_181101.jpg\" alt=\"\" width=\"1000\" height=\"853\" srcset=\"http:\/\/www.muricionline.com.br\/novo\/wp-content\/uploads\/2017\/10\/20171028_181101.jpg 1000w, http:\/\/www.muricionline.com.br\/novo\/wp-content\/uploads\/2017\/10\/20171028_181101-300x256.jpg 300w, http:\/\/www.muricionline.com.br\/novo\/wp-content\/uploads\/2017\/10\/20171028_181101-768x655.jpg 768w\" sizes=\"(max-width: 1000px) 100vw, 1000px\" \/><\/a><\/p>\n<p>Com objetivo de chamar a aten\u00e7\u00e3o dos alunos sobre os riscos da Dengue e, principalmente, como evit\u00e1-la, o projeto foi desenvolvido durante as tr\u00eas primeiras semanas do m\u00eas de outubro, e contou com a realiza\u00e7\u00e3o de palestras, orienta\u00e7\u00f5es, recolhimento de garrafas pets e panfletagem no Centro da cidade.<\/p>\n<p><a href=\"http:\/\/www.muricionline.com.br\/novo\/wp-content\/uploads\/2017\/10\/20171028_181039.jpg\"><img loading=\"lazy\" decoding=\"async\" class=\"aligncenter size-full wp-image-7032\" src=\"http:\/\/www.muricionline.com.br\/novo\/wp-content\/uploads\/2017\/10\/20171028_181039.jpg\" alt=\"\" width=\"510\" height=\"382\" srcset=\"http:\/\/www.muricionline.com.br\/novo\/wp-content\/uploads\/2017\/10\/20171028_181039.jpg 510w, http:\/\/www.muricionline.com.br\/novo\/wp-content\/uploads\/2017\/10\/20171028_181039-300x225.jpg 300w\" sizes=\"(max-width: 510px) 100vw, 510px\" \/><\/a><\/p>\n<p>DENGUE<\/p>\n<p>&nbsp;<\/p>\n<p>Dengue \u00e9 uma doen\u00e7a causada por um v\u00edrus, o v\u00edrus da dengue, transmitido de uma pessoa doente para uma pessoa sadia por meio do mosquito Aedes aegypti.<\/p>\n<p>&nbsp;<\/p>\n<p>Texto e fotos&nbsp; Jailson Col\u00e1cio&nbsp;<\/p>\n<span style=\"clear:both;display:none;\"><img src=\"http:\/\/www.muricionline.com.br\/novo\/wp-content\/plugins\/wp-spamfree\/img\/wpsf-img.php\" width=\"0\" height=\"0\" alt=\"\" style=\"border-style:none;width:0px;height:0px;display:none;\" \/><\/span>","protected":false},"excerpt":{"rendered":"<p>Com&nbsp; participa\u00e7\u00e3o da Secret\u00e1ria, Soraya Arag\u00e3o Calheiros e apresenta\u00e7\u00e3o da banda &#8220;Bate Lata&#8221; do Cras, o Servi\u00e7o de Conviv\u00eancia e Fortalecimento de V\u00ednculos para Crian\u00e7as e Adolescentes de Murici, encerrou neste final de semana, mais um projeto desenvolvido com os alunos e colaboradores do servi\u00e7o. Com objetivo de chamar a aten\u00e7\u00e3o dos alunos sobre os&#8230;<\/p>\n","protected":false},"author":1,"featured_media":7033,"comment_status":"open","ping_status":"open","sticky":false,"template":"","format":"standard","meta":{"footnotes":""},"categories":[1],"tags":[5],"_links":{"self":[{"href":"http:\/\/www.muricionline.com.br\/novo\/index.php?rest_route=\/wp\/v2\/posts\/7030"}],"collection":[{"href":"http:\/\/www.muricionline.com.br\/novo\/index.php?rest_route=\/wp\/v2\/posts"}],"about":[{"href":"http:\/\/www.muricionline.com.br\/novo\/index.php?rest_route=\/wp\/v2\/types\/post"}],"author":[{"embeddable":true,"href":"http:\/\/www.muricionline.com.br\/novo\/index.php?rest_route=\/wp\/v2\/users\/1"}],"replies":[{"embeddable":true,"href":"http:\/\/www.muricionline.com.br\/novo\/index.php?rest_route=%2Fwp%2Fv2%2Fcomments&post=7030"}],"version-history":[{"count":2,"href":"http:\/\/www.muricionline.com.br\/novo\/index.php?rest_route=\/wp\/v2\/posts\/7030\/revisions"}],"predecessor-version":[{"id":7035,"href":"http:\/\/www.muricionline.com.br\/novo\/index.php?rest_route=\/wp\/v2\/posts\/7030\/revisions\/7035"}],"wp:featuredmedia":[{"embeddable":true,"href":"http:\/\/www.muricionline.com.br\/novo\/index.php?rest_route=\/wp\/v2\/media\/7033"}],"wp:attachment":[{"href":"http:\/\/www.muricionline.com.br\/novo\/index.php?rest_route=%2Fwp%2Fv2%2Fmedia&parent=7030"}],"wp:term":[{"taxonomy":"category","embeddable":true,"href":"http:\/\/www.muricionline.com.br\/novo\/index.php?rest_route=%2Fwp%2Fv2%2Fcategories&post=7030"},{"taxonomy":"post_tag","embeddable":true,"href":"http:\/\/www.muricionline.com.br\/novo\/index.php?rest_route=%2Fwp%2Fv2%2Ftags&post=7030"}],"curies":[{"name":"wp","href":"https:\/\/api.w.org\/{rel}","templated":true}]}}