{"id":7039,"date":"2017-10-31T08:09:39","date_gmt":"2017-10-31T11:09:39","guid":{"rendered":"http:\/\/www.muricionline.com.br\/novo\/?p=7039"},"modified":"2017-10-31T08:09:39","modified_gmt":"2017-10-31T11:09:39","slug":"concurso-para-educacao-de-alagoas-tera-850-vagas","status":"publish","type":"post","link":"http:\/\/www.muricionline.com.br\/novo\/?p=7039","title":{"rendered":"Concurso para Educa\u00e7\u00e3o de Alagoas ter\u00e1 850 vagas"},"content":{"rendered":"<p>Governador em exerc\u00edcio, Luciano O governador em exerc\u00edcio, Luciano Barbosa, anunciou, nesta segunda-feira (30), que \u200bconcurso da Educa\u00e7\u00e3o ter\u00e1\u200b 850 vagas para a composi\u00e7\u00e3o do corpo docente em escolas da rede p\u00fablica estadual. Os aprovados ser\u00e3o distribu\u00eddos entre as 13 Ger\u00eancias Regionais de Ensino (Geres), que atendem a todo o estado de Alagoas.<\/p>\n<div class=\"itemBody\">\n<div class=\"itemFullText\">\n<p>&nbsp;<\/p>\n<p>De acordo com a superintend\u00eancia de Valoriza\u00e7\u00e3o de Pessoas da Secretaria de Estado da Educa\u00e7\u00e3o (Seduc), as vagas s\u00e3o para as disciplinas de L\u00edngua Portuguesa, Arte, Educa\u00e7\u00e3o F\u00edsica, Ci\u00eancias, Matem\u00e1tica, Hist\u00f3ria, Geografia, Ingl\u00eas, Biologia, Qu\u00edmica, F\u00edsica, Filosofia e Sociologia.<\/p>\n<p>&nbsp;<\/p>\n<p>Luciano Barbosa informou sobre a oferta de vagas. \u201cOs candidatos v\u00e3o concorrer a vaga \u200bpara&nbsp;carga hor\u00e1ria de 30 horas-aulas semanais. Estamos atualmente com 850 vagas\u201d, disse.<\/p>\n<p>&nbsp;<\/p>\n<p>\u201cFoi feito todo um processo de identifica\u00e7\u00e3o da quantidade de vagas e quais seriam as disciplinas que necessitam destas vagas. O processo j\u00e1 passou pelas m\u00e3os da Procuradoria [Geral do Estado] e agora est\u00e1 na Seplag [Secretaria do Planejamento, Gest\u00e3o e Patrim\u00f4nio]\u201d, complementou.<\/p>\n<p>&nbsp;<\/p>\n<p><img decoding=\"async\" src=\"http:\/\/www.agenciaalagoas.al.gov.br\/images\/AMASTRUZ22.JPG\" alt=\"\"><\/p>\n<p>&nbsp;<\/p>\n<p>&nbsp;<\/p>\n<p><strong>Edital<\/strong><\/p>\n<p>O governador em exerc\u00edcio explicou ainda que uma comiss\u00e3o ser\u00e1 formada por membros do Sindicato dos Trabalhadores da Educa\u00e7\u00e3o de Alagoas (Sinteal), pela Seplag, pela Seduc e pela Procuradoria Geral do Estado (PGE), para dar transpar\u00eancia ao processo. A previs\u00e3o \u00e9 de que o edital seja publicado no Di\u00e1rio Oficial do Estado (DOE) at\u00e9 o dia 30 de novembro.<\/p>\n<p>&nbsp;<\/p>\n<p>\u201cEstamos fazendo um concurso de 30 horas para os profissionais, de acordo com a nova LDB [Lei de Diretrizes e Bases da Educa\u00e7\u00e3o] e avan\u00e7os da categoria na Educa\u00e7\u00e3o, estabelecendo que o professor deve dedicar 30% do seu tempo para o planejamento e atividades fora de sala de aula. Dessas 30 horas, 10 ser\u00e3o dedicadas ao planejamento e as outras 20 horas para estar em sala de aula\u201d, afirmou Barbosa.<\/p>\n<p>&nbsp;<\/p>\n<p><img decoding=\"async\" src=\"http:\/\/www.agenciaalagoas.al.gov.br\/images\/AMASTRUZ3.JPG\" alt=\"\"><br \/>\n\u200b<\/p>\n<p>&nbsp;<\/p>\n<p><strong>No interior<\/strong><\/p>\n<p>&nbsp;<\/p>\n<p>\u200bO gestor informou ainda que as provas ser\u00e3o realizadas no interior tamb\u00e9m. \u201c\u00c9 certo que as provas n\u00e3o ser\u00e3o realizadas somente em Macei\u00f3, pois os inscritos do interior precisam de uma cidade de apoio para fazer a prova. N\u00f3s queremos dar esta oportunidade para as pessoas que moram no interior. Nos \u00faltimos anos, houve um processo de interioriza\u00e7\u00e3o de professores, inclusive na forma\u00e7\u00e3o deles, al\u00e9m das universidades que d\u00e3o oportunidade a muitos jovens que est\u00e3o se formando e que possam prestar o concurso\u201d, disse.<\/p>\n<p>Al\u00e9m do governador em exerc\u00edcio, o secret\u00e1rio do Planejamento, Gest\u00e3o e Patrim\u00f4nio (Seplag), Fabr\u00edcio Marques, participou da coletiva de imprensa no Sal\u00e3o de Despachos.<\/p>\n<p>&nbsp;<\/p>\n<p>\u201cEstamos preparando um processo seletivo que ser\u00e1, sobretudo, transparente. Este concurso, em especial, \u00e9 fundamental para a melhoria cont\u00ednua da Educa\u00e7\u00e3o em Alagoas. Uma comiss\u00e3o foi formada para gerenciar todos os detalhes do certame e, at\u00e9 o fim de novembro, divulgaremos o edital com todos os detalhes\u201d, explica o secret\u00e1rio Fabr\u00edcio Marques Santos.<\/p>\n<\/div>\n<\/div>\n<p>&nbsp;<\/p>\n<p>Com Ag\u00eancia Alagoas&nbsp;<\/p>\n<p>Fotos:&nbsp;<span class=\"itemImageCredits\">Ada\u00edlson Calheiros<\/span><\/p>\n<span style=\"clear:both;display:none;\"><img src=\"http:\/\/www.muricionline.com.br\/novo\/wp-content\/plugins\/wp-spamfree\/img\/wpsf-img.php\" width=\"0\" height=\"0\" alt=\"\" style=\"border-style:none;width:0px;height:0px;display:none;\" \/><\/span>","protected":false},"excerpt":{"rendered":"<p>Governador em exerc\u00edcio, Luciano O governador em exerc\u00edcio, Luciano Barbosa, anunciou, nesta segunda-feira (30), que \u200bconcurso da Educa\u00e7\u00e3o ter\u00e1\u200b 850 vagas para a composi\u00e7\u00e3o do corpo docente em escolas da rede p\u00fablica estadual. Os aprovados ser\u00e3o distribu\u00eddos entre as 13 Ger\u00eancias Regionais de Ensino (Geres), que atendem a todo o estado de Alagoas. &nbsp; De&#8230;<\/p>\n","protected":false},"author":1,"featured_media":7040,"comment_status":"open","ping_status":"open","sticky":false,"template":"","format":"standard","meta":{"footnotes":""},"categories":[7,1],"tags":[5],"_links":{"self":[{"href":"http:\/\/www.muricionline.com.br\/novo\/index.php?rest_route=\/wp\/v2\/posts\/7039"}],"collection":[{"href":"http:\/\/www.muricionline.com.br\/novo\/index.php?rest_route=\/wp\/v2\/posts"}],"about":[{"href":"http:\/\/www.muricionline.com.br\/novo\/index.php?rest_route=\/wp\/v2\/types\/post"}],"author":[{"embeddable":true,"href":"http:\/\/www.muricionline.com.br\/novo\/index.php?rest_route=\/wp\/v2\/users\/1"}],"replies":[{"embeddable":true,"href":"http:\/\/www.muricionline.com.br\/novo\/index.php?rest_route=%2Fwp%2Fv2%2Fcomments&post=7039"}],"version-history":[{"count":1,"href":"http:\/\/www.muricionline.com.br\/novo\/index.php?rest_route=\/wp\/v2\/posts\/7039\/revisions"}],"predecessor-version":[{"id":7041,"href":"http:\/\/www.muricionline.com.br\/novo\/index.php?rest_route=\/wp\/v2\/posts\/7039\/revisions\/7041"}],"wp:featuredmedia":[{"embeddable":true,"href":"http:\/\/www.muricionline.com.br\/novo\/index.php?rest_route=\/wp\/v2\/media\/7040"}],"wp:attachment":[{"href":"http:\/\/www.muricionline.com.br\/novo\/index.php?rest_route=%2Fwp%2Fv2%2Fmedia&parent=7039"}],"wp:term":[{"taxonomy":"category","embeddable":true,"href":"http:\/\/www.muricionline.com.br\/novo\/index.php?rest_route=%2Fwp%2Fv2%2Fcategories&post=7039"},{"taxonomy":"post_tag","embeddable":true,"href":"http:\/\/www.muricionline.com.br\/novo\/index.php?rest_route=%2Fwp%2Fv2%2Ftags&post=7039"}],"curies":[{"name":"wp","href":"https:\/\/api.w.org\/{rel}","templated":true}]}}