{"id":7042,"date":"2017-10-31T08:16:29","date_gmt":"2017-10-31T11:16:29","guid":{"rendered":"http:\/\/www.muricionline.com.br\/novo\/?p=7042"},"modified":"2017-10-31T08:16:29","modified_gmt":"2017-10-31T11:16:29","slug":"alunos-de-santana-do-mundau-sao-avaliados-pela-prova-brasil","status":"publish","type":"post","link":"http:\/\/www.muricionline.com.br\/novo\/?p=7042","title":{"rendered":"Alunos de Santana do Munda\u00fa s\u00e3o avaliados pela Prova Brasil"},"content":{"rendered":"<p>Com 100% de presen\u00e7a, na \u00faltima quarta (25) e quinta-feira (26), alunos das escolas municipais Pequeno Pr\u00edncipe e Monsenhor Cl\u00f3vis Duarte de Barros, foram submetidos a avalia\u00e7\u00e3o da Prova Brasil, em Santana do Munda\u00fa. Para a secret\u00e1ria de educa\u00e7\u00e3o, Daniele M\u00e1rcia, o sentimento \u00e9 de al\u00edvio. &#8220;Ao longo de todo o ano letivo, nossa equipe se engajou para que os estudantes estivessem preparados e comparecessem a essa avalia\u00e7\u00e3o que mede o \u00cdndice de Desenvolvimento da Educa\u00e7\u00e3o B\u00e1sica (IDEB)&#8221;, disse.<\/p>\n<div class=\"row\">\n<div class=\"col-md-8\">\n<div class=\"post-content\">\n<article>\n<p>Em parceria com o Conselho Tutelar, e o apoio estruturante do prefeito Arthur Freitas, a secretaria promoveu uma s\u00e9rie de a\u00e7\u00f5es para auxiliar os estudantes antes da realiza\u00e7\u00e3o da prova. &#8220;Al\u00e9m da total dedica\u00e7\u00e3o para que garant\u00edssemos essa frequ\u00eancia, coordenadores, diretores, professores e t\u00e9cnicos, se envolveram diretamente na realiza\u00e7\u00e3o de a\u00e7\u00f5es de reensino escolar, de planejamento, na forma\u00e7\u00e3o dos profissionais, e incentivo ao alunado, com a realiza\u00e7\u00e3o de um intensiv\u00e3o, por exemplo. Agora \u00e9 aguardar o resultado positivo que refletir\u00e1 diretamente nos \u00edndices educacionais do nosso munic\u00edpio&#8221;, destacou a secret\u00e1ria.<\/p>\n<p><em><strong>Sistema nacional de avalia\u00e7\u00e3o<\/strong><\/em><\/p>\n<p>A Prova Brasil \u00e9 um dos dois elementos que comp\u00f5em o \u00cdndice de Desenvolvimento da Educa\u00e7\u00e3o B\u00e1sica (Ideb): o c\u00e1lculo do Ideb \u00e9 feito usando os resultados da prova e informa\u00e7\u00f5es sobre a aprova\u00e7\u00e3o ou repet\u00eancia dos estudantes. Essa prova faz parte da Avalia\u00e7\u00e3o Nacional da Educa\u00e7\u00e3o B\u00e1sica (Aneb), uma das tr\u00eas avalia\u00e7\u00f5es que integram o Sistema de Avalia\u00e7\u00e3o da Educa\u00e7\u00e3o B\u00e1sica (Saeb).<\/p>\n<p>&nbsp;<\/p>\n<\/article>\n<p>Com Assessoria de Comunica\u00e7\u00e3o&nbsp;<\/p>\n<\/div>\n<\/div>\n<\/div>\n<span style=\"clear:both;display:none;\"><img src=\"http:\/\/www.muricionline.com.br\/novo\/wp-content\/plugins\/wp-spamfree\/img\/wpsf-img.php\" width=\"0\" height=\"0\" alt=\"\" style=\"border-style:none;width:0px;height:0px;display:none;\" \/><\/span>","protected":false},"excerpt":{"rendered":"<p>Com 100% de presen\u00e7a, na \u00faltima quarta (25) e quinta-feira (26), alunos das escolas municipais Pequeno Pr\u00edncipe e Monsenhor Cl\u00f3vis Duarte de Barros, foram submetidos a avalia\u00e7\u00e3o da Prova Brasil, em Santana do Munda\u00fa. Para a secret\u00e1ria de educa\u00e7\u00e3o, Daniele M\u00e1rcia, o sentimento \u00e9 de al\u00edvio. &#8220;Ao longo de todo o ano letivo, nossa equipe&#8230;<\/p>\n","protected":false},"author":1,"featured_media":7043,"comment_status":"open","ping_status":"open","sticky":false,"template":"","format":"standard","meta":{"footnotes":""},"categories":[1],"tags":[5],"_links":{"self":[{"href":"http:\/\/www.muricionline.com.br\/novo\/index.php?rest_route=\/wp\/v2\/posts\/7042"}],"collection":[{"href":"http:\/\/www.muricionline.com.br\/novo\/index.php?rest_route=\/wp\/v2\/posts"}],"about":[{"href":"http:\/\/www.muricionline.com.br\/novo\/index.php?rest_route=\/wp\/v2\/types\/post"}],"author":[{"embeddable":true,"href":"http:\/\/www.muricionline.com.br\/novo\/index.php?rest_route=\/wp\/v2\/users\/1"}],"replies":[{"embeddable":true,"href":"http:\/\/www.muricionline.com.br\/novo\/index.php?rest_route=%2Fwp%2Fv2%2Fcomments&post=7042"}],"version-history":[{"count":1,"href":"http:\/\/www.muricionline.com.br\/novo\/index.php?rest_route=\/wp\/v2\/posts\/7042\/revisions"}],"predecessor-version":[{"id":7044,"href":"http:\/\/www.muricionline.com.br\/novo\/index.php?rest_route=\/wp\/v2\/posts\/7042\/revisions\/7044"}],"wp:featuredmedia":[{"embeddable":true,"href":"http:\/\/www.muricionline.com.br\/novo\/index.php?rest_route=\/wp\/v2\/media\/7043"}],"wp:attachment":[{"href":"http:\/\/www.muricionline.com.br\/novo\/index.php?rest_route=%2Fwp%2Fv2%2Fmedia&parent=7042"}],"wp:term":[{"taxonomy":"category","embeddable":true,"href":"http:\/\/www.muricionline.com.br\/novo\/index.php?rest_route=%2Fwp%2Fv2%2Fcategories&post=7042"},{"taxonomy":"post_tag","embeddable":true,"href":"http:\/\/www.muricionline.com.br\/novo\/index.php?rest_route=%2Fwp%2Fv2%2Ftags&post=7042"}],"curies":[{"name":"wp","href":"https:\/\/api.w.org\/{rel}","templated":true}]}}