{"id":7052,"date":"2017-10-31T17:55:21","date_gmt":"2017-10-31T20:55:21","guid":{"rendered":"http:\/\/www.muricionline.com.br\/novo\/?p=7052"},"modified":"2017-10-31T17:55:21","modified_gmt":"2017-10-31T20:55:21","slug":"bando-armado-rende-segurancas-e-invade-prefeitura-de-branquinha","status":"publish","type":"post","link":"http:\/\/www.muricionline.com.br\/novo\/?p=7052","title":{"rendered":"Bando armado rende seguran\u00e7as e invade Prefeitura de Branquinha"},"content":{"rendered":"<p>Cinco homens armados e encapuzados invadiram, na madrugada desta ter\u00e7a-feira (31), a sede da Prefeitura Municipal de Branquinha, onde renderam dois seguran\u00e7as e danificaram v\u00e1rios computadores de alguns setores do local.&nbsp;<\/p>\n<div class=\"row\">\n<div class=\"col-xs-12 internas-conteudo\">\n<div class=\"row\">\n<div class=\"col-xs-12 mobile-person-offset\">\n<div class=\"row\">\n<div class=\"col-xs-12 col-md-width-mod internas-conteudo-especial\">\n<div class=\"foto-peq\">\n<div class=\"foto\"><img decoding=\"async\" class=\"img-responsive\" src=\"http:\/\/gazetaweb.globo.com\/fotosPortal\/portal_gazetaweb_com\/noticias\/foto_pequena\/2017\/10\/201710311250_e1a26c90ab.jpg\"><\/div>\n<\/div>\n<p>Segundo informa\u00e7\u00f5es de militares do 2\u00ba Batalh\u00e3o, a guarni\u00e7\u00e3o do Grupamento de Pol\u00edcia Militar (GPM) da cidade foi acionada \u00e0 Prefeitura, mas os acusados j\u00e1 haviam empreendido fuga. A pol\u00edcia n\u00e3o soube informar se algum equipamento foi levado.&nbsp;<br \/>\nA invas\u00e3o, segundo os policiais, ocorreu por volta de 1h, e deu-se de forma r\u00e1pida. Ap\u00f3s o fato, os bandidos teriam fugido em um ve\u00edculo Corsa de cor prata e placa n\u00e3o identificada, tomando destino ignorado.&nbsp;<\/p>\n<p>N\u00e3o s\u00f3 a Pol\u00edcia Militar (PM) foi acionada, mas, tamb\u00e9m, a Pol\u00edcia Civil (PC), que colheu depoimentos na manh\u00e3 de hoje e isolou a \u00e1rea.&nbsp;<\/p>\n<\/div>\n<div>&nbsp;<\/div>\n<div>Com Gazetaweb&nbsp;<\/div>\n<div>Foto: Reprodu\u00e7\u00e3o&nbsp;<\/div>\n<\/div>\n<\/div>\n<\/div>\n<\/div>\n<\/div>\n<span style=\"clear:both;display:none;\"><img src=\"http:\/\/www.muricionline.com.br\/novo\/wp-content\/plugins\/wp-spamfree\/img\/wpsf-img.php\" width=\"0\" height=\"0\" alt=\"\" style=\"border-style:none;width:0px;height:0px;display:none;\" \/><\/span>","protected":false},"excerpt":{"rendered":"<p>Cinco homens armados e encapuzados invadiram, na madrugada desta ter\u00e7a-feira (31), a sede da Prefeitura Municipal de Branquinha, onde renderam dois seguran\u00e7as e danificaram v\u00e1rios computadores de alguns setores do local.&nbsp; Segundo informa\u00e7\u00f5es de militares do 2\u00ba Batalh\u00e3o, a guarni\u00e7\u00e3o do Grupamento de Pol\u00edcia Militar (GPM) da cidade foi acionada \u00e0 Prefeitura, mas os acusados&#8230;<\/p>\n","protected":false},"author":1,"featured_media":7053,"comment_status":"open","ping_status":"open","sticky":false,"template":"","format":"standard","meta":{"footnotes":""},"categories":[1],"tags":[5],"_links":{"self":[{"href":"http:\/\/www.muricionline.com.br\/novo\/index.php?rest_route=\/wp\/v2\/posts\/7052"}],"collection":[{"href":"http:\/\/www.muricionline.com.br\/novo\/index.php?rest_route=\/wp\/v2\/posts"}],"about":[{"href":"http:\/\/www.muricionline.com.br\/novo\/index.php?rest_route=\/wp\/v2\/types\/post"}],"author":[{"embeddable":true,"href":"http:\/\/www.muricionline.com.br\/novo\/index.php?rest_route=\/wp\/v2\/users\/1"}],"replies":[{"embeddable":true,"href":"http:\/\/www.muricionline.com.br\/novo\/index.php?rest_route=%2Fwp%2Fv2%2Fcomments&post=7052"}],"version-history":[{"count":1,"href":"http:\/\/www.muricionline.com.br\/novo\/index.php?rest_route=\/wp\/v2\/posts\/7052\/revisions"}],"predecessor-version":[{"id":7054,"href":"http:\/\/www.muricionline.com.br\/novo\/index.php?rest_route=\/wp\/v2\/posts\/7052\/revisions\/7054"}],"wp:featuredmedia":[{"embeddable":true,"href":"http:\/\/www.muricionline.com.br\/novo\/index.php?rest_route=\/wp\/v2\/media\/7053"}],"wp:attachment":[{"href":"http:\/\/www.muricionline.com.br\/novo\/index.php?rest_route=%2Fwp%2Fv2%2Fmedia&parent=7052"}],"wp:term":[{"taxonomy":"category","embeddable":true,"href":"http:\/\/www.muricionline.com.br\/novo\/index.php?rest_route=%2Fwp%2Fv2%2Fcategories&post=7052"},{"taxonomy":"post_tag","embeddable":true,"href":"http:\/\/www.muricionline.com.br\/novo\/index.php?rest_route=%2Fwp%2Fv2%2Ftags&post=7052"}],"curies":[{"name":"wp","href":"https:\/\/api.w.org\/{rel}","templated":true}]}}