{"id":7058,"date":"2017-11-01T07:01:42","date_gmt":"2017-11-01T10:01:42","guid":{"rendered":"http:\/\/www.muricionline.com.br\/novo\/?p=7058"},"modified":"2017-11-01T07:01:42","modified_gmt":"2017-11-01T10:01:42","slug":"audiencia-publica-discute-direitos-da-crianca-e-do-adolescente-em-santana-do-mundau","status":"publish","type":"post","link":"http:\/\/www.muricionline.com.br\/novo\/?p=7058","title":{"rendered":"Audi\u00eancia P\u00fablica discute direitos da crian\u00e7a e do adolescente em Santana do Munda\u00fa"},"content":{"rendered":"<p>A garantia dos direitos da&nbsp;crian\u00e7a&nbsp;e do&nbsp;adolescente&nbsp;foi discutida na manh\u00e3 desta&nbsp;ter\u00e7a-feira (31), no Plen\u00e1rio da C\u00e2mara Municipal de&nbsp;Santana do Munda\u00fa, durante audi\u00eancia p\u00fablica solicitada pelo Minist\u00e9rio P\u00fablico Estadual, por meio do promotor Carlos Davi Lopes Correia Lima. Com a presen\u00e7a do prefeito Arthur Freitas,&nbsp;representantes dos \u00f3rg\u00e3os municipais e sociedade civil&nbsp;debateram juntos as propostas para a implanta\u00e7\u00e3o e fortalecimentos de pol\u00edticas p\u00fablicas que assegurem&nbsp;o&nbsp;acesso a direitos b\u00e1sicos como educa\u00e7\u00e3o, sa\u00fade e&nbsp;prote\u00e7\u00e3o.<\/p>\n<div class=\"row\">\n<div class=\"col-md-8\">\n<div class=\"post-content\">\n<article>&nbsp;<\/p>\n<p>&#8220;Cuidar das crian\u00e7as e adolescentes do nosso munic\u00edpio,&nbsp;\u00e9 responsabilidade de todos. Por isso, unirmos for\u00e7as entre os \u00f3rg\u00e3os de acolhimento, secretarias municipais, sociedade civil e poderes executivo, judici\u00e1rio e legislativo, \u00e9 a melhor forma de&nbsp;conhecermos e articularmos pol\u00edticas, programas e a\u00e7\u00f5es que garantam a efetiva\u00e7\u00e3o dos seus direitos&#8221;, destacou o prefeito.<\/p>\n<p>&nbsp;<\/p>\n<p>Os vereadores Chameguinho, Wanderley, Inez e Genor; al\u00e9m do secret\u00e1rio de gest\u00e3o, Andr\u00e9 Castro, a secret\u00e1ria de assist\u00eancia social, Lara Cavalcante, o representante da secretaria&nbsp;de educa\u00e7\u00e3o, Diogo, o presidente do&nbsp;Conselho Municipal dos Direitos da Crian\u00e7a e do Adolescente&nbsp;(CMDCA),&nbsp;Ivanildo Marcolino, e os&nbsp;membros do Conselho Tutelar, tamb\u00e9m participaram do encontro.&nbsp;<\/p>\n<\/article>\n<\/div>\n<div class=\"clearfix\">&nbsp;<\/div>\n<div id=\"galleria\">\n<div class=\"galleria-container touch galleria-theme-classic\">\n<div class=\"galleria-stage\">\n<div class=\"galleria-images\">\n<div class=\"galleria-image\">\n<div class=\"galleria-layer\">&nbsp;<\/div>\n<p><img loading=\"lazy\" decoding=\"async\" src=\"https:\/\/cadaminuto3.s3.amazonaws.com\/imagens\/0277072d-d7c7-4040-940f-1ead19bc698c.jpg\" width=\"362\" height=\"272\"><\/div>\n<\/div>\n<div class=\"galleria-counter\">&nbsp;<\/div>\n<\/div>\n<div class=\"galleria-tooltip\">&nbsp;<\/div>\n<\/div>\n<\/div>\n<div class=\"clearfix\">&nbsp;Com Assessoria de Comunica\u00e7\u00e3o&nbsp;<\/div>\n<div id=\"taboola-below-article-thumbnails\" class=\" trc_related_container trc_spotlight_widget trc_elastic trc_elastic_trc_238 \" data-placement-name=\"Below Article Thumbnails\">&nbsp;<\/div>\n<\/div>\n<\/div>\n<span style=\"clear:both;display:none;\"><img src=\"http:\/\/www.muricionline.com.br\/novo\/wp-content\/plugins\/wp-spamfree\/img\/wpsf-img.php\" width=\"0\" height=\"0\" alt=\"\" style=\"border-style:none;width:0px;height:0px;display:none;\" \/><\/span>","protected":false},"excerpt":{"rendered":"<p>A garantia dos direitos da&nbsp;crian\u00e7a&nbsp;e do&nbsp;adolescente&nbsp;foi discutida na manh\u00e3 desta&nbsp;ter\u00e7a-feira (31), no Plen\u00e1rio da C\u00e2mara Municipal de&nbsp;Santana do Munda\u00fa, durante audi\u00eancia p\u00fablica solicitada pelo Minist\u00e9rio P\u00fablico Estadual, por meio do promotor Carlos Davi Lopes Correia Lima. Com a presen\u00e7a do prefeito Arthur Freitas,&nbsp;representantes dos \u00f3rg\u00e3os municipais e sociedade civil&nbsp;debateram juntos as propostas para a implanta\u00e7\u00e3o&#8230;<\/p>\n","protected":false},"author":1,"featured_media":7059,"comment_status":"open","ping_status":"open","sticky":false,"template":"","format":"standard","meta":{"footnotes":""},"categories":[1],"tags":[5],"_links":{"self":[{"href":"http:\/\/www.muricionline.com.br\/novo\/index.php?rest_route=\/wp\/v2\/posts\/7058"}],"collection":[{"href":"http:\/\/www.muricionline.com.br\/novo\/index.php?rest_route=\/wp\/v2\/posts"}],"about":[{"href":"http:\/\/www.muricionline.com.br\/novo\/index.php?rest_route=\/wp\/v2\/types\/post"}],"author":[{"embeddable":true,"href":"http:\/\/www.muricionline.com.br\/novo\/index.php?rest_route=\/wp\/v2\/users\/1"}],"replies":[{"embeddable":true,"href":"http:\/\/www.muricionline.com.br\/novo\/index.php?rest_route=%2Fwp%2Fv2%2Fcomments&post=7058"}],"version-history":[{"count":1,"href":"http:\/\/www.muricionline.com.br\/novo\/index.php?rest_route=\/wp\/v2\/posts\/7058\/revisions"}],"predecessor-version":[{"id":7060,"href":"http:\/\/www.muricionline.com.br\/novo\/index.php?rest_route=\/wp\/v2\/posts\/7058\/revisions\/7060"}],"wp:featuredmedia":[{"embeddable":true,"href":"http:\/\/www.muricionline.com.br\/novo\/index.php?rest_route=\/wp\/v2\/media\/7059"}],"wp:attachment":[{"href":"http:\/\/www.muricionline.com.br\/novo\/index.php?rest_route=%2Fwp%2Fv2%2Fmedia&parent=7058"}],"wp:term":[{"taxonomy":"category","embeddable":true,"href":"http:\/\/www.muricionline.com.br\/novo\/index.php?rest_route=%2Fwp%2Fv2%2Fcategories&post=7058"},{"taxonomy":"post_tag","embeddable":true,"href":"http:\/\/www.muricionline.com.br\/novo\/index.php?rest_route=%2Fwp%2Fv2%2Ftags&post=7058"}],"curies":[{"name":"wp","href":"https:\/\/api.w.org\/{rel}","templated":true}]}}