{"id":7061,"date":"2017-11-01T07:11:18","date_gmt":"2017-11-01T10:11:18","guid":{"rendered":"http:\/\/www.muricionline.com.br\/novo\/?p=7061"},"modified":"2017-11-01T07:12:11","modified_gmt":"2017-11-01T10:12:11","slug":"municipios-que-integram-o-projeto-da-primeira-infancia-recebem-diagnostico","status":"publish","type":"post","link":"http:\/\/www.muricionline.com.br\/novo\/?p=7061","title":{"rendered":"Munic\u00edpios que integram o Projeto da Primeira Inf\u00e2ncia recebem diagn\u00f3stico"},"content":{"rendered":"<p>T\u00e9cnicos do Projeto da Primeira Inf\u00e2ncia de Alagoas visitaram todos os seis munic\u00edpios que integram a segunda fase de implanta\u00e7\u00e3o do projeto para entregar aos gestores p\u00fablicos o resultado da aplica\u00e7\u00e3o da linha de base. Esse diagn\u00f3stico apresentou o funcionamento dos servi\u00e7os voltados aos cuidados de gestantes e crian\u00e7as de 0 a 6 anos.<\/p>\n<div class=\"itemBody\">\n<div class=\"itemFullText\">\n<p>&nbsp;<\/p>\n<p>A linha de base consiste na aplica\u00e7\u00e3o de question\u00e1rios junto aos prestadores de servi\u00e7o e ao p\u00fablico alvo da primeira inf\u00e2ncia, como gestantes, educadores e profissionais da sa\u00fade. O resultado apresentado, por interm\u00e9dio de indicadores nas \u00e1reas de sa\u00fade, educa\u00e7\u00e3o e assist\u00eancia social, servir\u00e1 de subs\u00eddios para identificar os gargalos, embasar as a\u00e7\u00f5es de melhorias e mensurar os resultados.<\/p>\n<p><img decoding=\"async\" src=\"http:\/\/www.agenciaalagoas.al.gov.br\/images\/NOTICIAS_2017\/10_OUTUBRO\/semana_05\/3110PRIMEIRAINFANCIA_THIAGOSAMPAIO2.JPG\" alt=\"\"><\/p>\n<p>Segundo a prefeita de S\u00e3o Luiz do Quitunde, Fernanda Cavalcante, com a apresenta\u00e7\u00e3o da linha de base, todos os gestores municipais estar\u00e3o mobilizados para atuarem em prol dos melhores resultados. \u201cAntes n\u00e3o se pensava no atendimento \u00e0s gestantes e crian\u00e7as como deveria. Queremos melhorar, por isso estamos entre os seis munic\u00edpios que aderiram ao projeto\u201d, disse a Prefeita.<\/p>\n<p>&nbsp;<\/p>\n<p>Para a primeira-dama de Pilar, Cec\u00edlia Rocha, a linha de base \u00e9 o pontap\u00e9 inicial para garantir efici\u00eancia nos cuidados voltados \u00e0 primeira inf\u00e2ncia. \u201cEstamos trabalhando para mudar uma realidade. Diagn\u00f3sticos como esses s\u00e3o de extrema import\u00e2ncia. N\u00e3o tenho d\u00favida que na pr\u00f3xima aplica\u00e7\u00e3o da linha de base os resultados mostrar\u00e3o essa nova vis\u00e3o de cuidados com nossas crian\u00e7as\u201d, disse Cec\u00edlia Rocha.<\/p>\n<p><img decoding=\"async\" src=\"http:\/\/www.agenciaalagoas.al.gov.br\/images\/NOTICIAS_2017\/10_OUTUBRO\/semana_05\/3110PRIMEIRAINFANCIA_THIAGOSAMPAIO.JPG\" alt=\"\"><\/p>\n<p>De acordo com o gestor intersetorial do Projeto da Primeira Inf\u00e2ncia, Ant\u00f4nio Pinaud, os munic\u00edpios agora est\u00e3o instrumentalizados e conhecendo todo o contexto do projeto. \u201cPercebi um comprometimento dos gestores, que j\u00e1 garantiram que as pr\u00f3ximas reuni\u00f5es dos comit\u00eas locais ser\u00e3o baseadas nos resultados da linha de base. Salientei que \u00e9 importante manter o trabalho nos pontos fortes, ao mesmo tempo em que ter\u00e3o que fazer a\u00e7\u00f5es imediatas em rela\u00e7\u00e3o aos pontos fracos\u201d, afirmou Ant\u00f4nio Pinaud.<\/p>\n<p>&nbsp;<\/p>\n<p>As apresenta\u00e7\u00f5es das linhas de base aos prefeitos e gestores municipais foram feitas por Ant\u00f4nio Pinaud e pelos pesquisadores do Centro de Recupera\u00e7\u00e3o e Educa\u00e7\u00e3o Nutricional (CREN), Ana Paula Clemente e Nacib Bueno. Integram a nova fase do programa os munic\u00edpios de Pilar, Murici, S\u00e3o Luiz do Quitunde, P\u00e3o de A\u00e7\u00facar, Batalha e Teot\u00f4nio Vilela.<\/p>\n<\/div>\n<p>Com Ag\u00eancia Alagoas&nbsp;<\/p>\n<p>&nbsp;<\/p>\n<\/div>\n<span style=\"clear:both;display:none;\"><img src=\"http:\/\/www.muricionline.com.br\/novo\/wp-content\/plugins\/wp-spamfree\/img\/wpsf-img.php\" width=\"0\" height=\"0\" alt=\"\" style=\"border-style:none;width:0px;height:0px;display:none;\" \/><\/span>","protected":false},"excerpt":{"rendered":"<p>T\u00e9cnicos do Projeto da Primeira Inf\u00e2ncia de Alagoas visitaram todos os seis munic\u00edpios que integram a segunda fase de implanta\u00e7\u00e3o do projeto para entregar aos gestores p\u00fablicos o resultado da aplica\u00e7\u00e3o da linha de base. Esse diagn\u00f3stico apresentou o funcionamento dos servi\u00e7os voltados aos cuidados de gestantes e crian\u00e7as de 0 a 6 anos. &nbsp;&#8230;<\/p>\n","protected":false},"author":1,"featured_media":7065,"comment_status":"open","ping_status":"open","sticky":false,"template":"","format":"standard","meta":{"footnotes":""},"categories":[1],"tags":[5],"_links":{"self":[{"href":"http:\/\/www.muricionline.com.br\/novo\/index.php?rest_route=\/wp\/v2\/posts\/7061"}],"collection":[{"href":"http:\/\/www.muricionline.com.br\/novo\/index.php?rest_route=\/wp\/v2\/posts"}],"about":[{"href":"http:\/\/www.muricionline.com.br\/novo\/index.php?rest_route=\/wp\/v2\/types\/post"}],"author":[{"embeddable":true,"href":"http:\/\/www.muricionline.com.br\/novo\/index.php?rest_route=\/wp\/v2\/users\/1"}],"replies":[{"embeddable":true,"href":"http:\/\/www.muricionline.com.br\/novo\/index.php?rest_route=%2Fwp%2Fv2%2Fcomments&post=7061"}],"version-history":[{"count":1,"href":"http:\/\/www.muricionline.com.br\/novo\/index.php?rest_route=\/wp\/v2\/posts\/7061\/revisions"}],"predecessor-version":[{"id":7064,"href":"http:\/\/www.muricionline.com.br\/novo\/index.php?rest_route=\/wp\/v2\/posts\/7061\/revisions\/7064"}],"wp:featuredmedia":[{"embeddable":true,"href":"http:\/\/www.muricionline.com.br\/novo\/index.php?rest_route=\/wp\/v2\/media\/7065"}],"wp:attachment":[{"href":"http:\/\/www.muricionline.com.br\/novo\/index.php?rest_route=%2Fwp%2Fv2%2Fmedia&parent=7061"}],"wp:term":[{"taxonomy":"category","embeddable":true,"href":"http:\/\/www.muricionline.com.br\/novo\/index.php?rest_route=%2Fwp%2Fv2%2Fcategories&post=7061"},{"taxonomy":"post_tag","embeddable":true,"href":"http:\/\/www.muricionline.com.br\/novo\/index.php?rest_route=%2Fwp%2Fv2%2Ftags&post=7061"}],"curies":[{"name":"wp","href":"https:\/\/api.w.org\/{rel}","templated":true}]}}