{"id":7069,"date":"2017-11-02T07:39:09","date_gmt":"2017-11-02T10:39:09","guid":{"rendered":"http:\/\/www.muricionline.com.br\/novo\/?p=7069"},"modified":"2017-11-02T10:00:10","modified_gmt":"2017-11-02T13:00:10","slug":"dia-de-finados-em-murici-cemiterio-registra-intensa-movimentacao","status":"publish","type":"post","link":"http:\/\/www.muricionline.com.br\/novo\/?p=7069","title":{"rendered":"Dia de finados em Murici: Cemit\u00e9rio registra intensa movimenta\u00e7\u00e3o"},"content":{"rendered":"<p>Milhares de pessoas devem prestar homenagens aos entes falecidos no <strong>Dia de Finados no<\/strong> Cemit\u00e9rio Municipal de Murici, tamb\u00e9m conhecido como <strong>Parque dos Eucaliptos<\/strong>. Nesta quinta-feira (2), as visitas se iniciaram \u00e0s 06hs e seguem at\u00e9 \u00e0s 00hs.<\/p>\n<p>Para a programa\u00e7\u00e3o de hoje o Padre Geison Ara\u00fajo, Par\u00f3co da Par\u00f3quia de Nossa Senhora da Gra\u00e7a, prepararou v\u00e1rias celebra\u00e7\u00f5es para os visitantes. A primeira missa aconteceu \u00e0s 06hs, reunindo centenas de fieis.<\/p>\n<p>Como nos anos anteriores, mais de 3 mil pessoas devem passar pelo cemit\u00e9rio, para relembrar e homenagear os familiares e amigos falecidos.<\/p>\n<p><a href=\"http:\/\/www.muricionline.com.br\/novo\/wp-content\/uploads\/2017\/11\/FB_IMG_1509626561826.jpg\"><img loading=\"lazy\" decoding=\"async\" class=\"aligncenter size-full wp-image-7073\" src=\"http:\/\/www.muricionline.com.br\/novo\/wp-content\/uploads\/2017\/11\/FB_IMG_1509626561826.jpg\" alt=\"\" width=\"960\" height=\"559\" srcset=\"http:\/\/www.muricionline.com.br\/novo\/wp-content\/uploads\/2017\/11\/FB_IMG_1509626561826.jpg 960w, http:\/\/www.muricionline.com.br\/novo\/wp-content\/uploads\/2017\/11\/FB_IMG_1509626561826-300x175.jpg 300w, http:\/\/www.muricionline.com.br\/novo\/wp-content\/uploads\/2017\/11\/FB_IMG_1509626561826-768x447.jpg 768w\" sizes=\"(max-width: 960px) 100vw, 960px\" \/><\/a><\/p>\n<p><strong>Com\u00e9rcio:<\/strong><\/p>\n<p>Em frente ao cemit\u00e9rio, o com\u00e9rcio de flores, velas e outros produtos \u00e9 intenso, aquecendo e movimentando a economia local.<\/p>\n<p><a href=\"http:\/\/www.muricionline.com.br\/novo\/wp-content\/uploads\/2017\/11\/FB_IMG_1509626644838.jpg\"><img loading=\"lazy\" decoding=\"async\" class=\"aligncenter size-full wp-image-7074\" src=\"http:\/\/www.muricionline.com.br\/novo\/wp-content\/uploads\/2017\/11\/FB_IMG_1509626644838.jpg\" alt=\"\" width=\"1137\" height=\"640\" srcset=\"http:\/\/www.muricionline.com.br\/novo\/wp-content\/uploads\/2017\/11\/FB_IMG_1509626644838.jpg 1137w, http:\/\/www.muricionline.com.br\/novo\/wp-content\/uploads\/2017\/11\/FB_IMG_1509626644838-300x169.jpg 300w, http:\/\/www.muricionline.com.br\/novo\/wp-content\/uploads\/2017\/11\/FB_IMG_1509626644838-768x432.jpg 768w, http:\/\/www.muricionline.com.br\/novo\/wp-content\/uploads\/2017\/11\/FB_IMG_1509626644838-1024x576.jpg 1024w\" sizes=\"(max-width: 1137px) 100vw, 1137px\" \/><\/a><\/p>\n<p><strong>Limpeza e manuten\u00e7\u00e3o:<\/strong><\/p>\n<p>Para garantir mais seguran\u00e7a e conforto aos visitantes no dia de finados, a Prefeitura de Murici, atrav\u00e9s da Secretaria Obras e Urbanismo, realizou manuten\u00e7\u00e3o dos corredores, cal\u00e7adas, pinturas e pequenos reparos no cemit\u00e9rios.<\/p>\n<span style=\"clear:both;display:none;\"><img src=\"http:\/\/www.muricionline.com.br\/novo\/wp-content\/plugins\/wp-spamfree\/img\/wpsf-img.php\" width=\"0\" height=\"0\" alt=\"\" style=\"border-style:none;width:0px;height:0px;display:none;\" \/><\/span>","protected":false},"excerpt":{"rendered":"<p>Milhares de pessoas devem prestar homenagens aos entes falecidos no Dia de Finados no Cemit\u00e9rio Municipal de Murici, tamb\u00e9m conhecido como Parque dos Eucaliptos. Nesta quinta-feira (2), as visitas se iniciaram \u00e0s 06hs e seguem at\u00e9 \u00e0s 00hs. Para a programa\u00e7\u00e3o de hoje o Padre Geison Ara\u00fajo, Par\u00f3co da Par\u00f3quia de Nossa Senhora da Gra\u00e7a,&#8230;<\/p>\n","protected":false},"author":1,"featured_media":7075,"comment_status":"open","ping_status":"open","sticky":false,"template":"","format":"standard","meta":{"footnotes":""},"categories":[7,1],"tags":[5],"_links":{"self":[{"href":"http:\/\/www.muricionline.com.br\/novo\/index.php?rest_route=\/wp\/v2\/posts\/7069"}],"collection":[{"href":"http:\/\/www.muricionline.com.br\/novo\/index.php?rest_route=\/wp\/v2\/posts"}],"about":[{"href":"http:\/\/www.muricionline.com.br\/novo\/index.php?rest_route=\/wp\/v2\/types\/post"}],"author":[{"embeddable":true,"href":"http:\/\/www.muricionline.com.br\/novo\/index.php?rest_route=\/wp\/v2\/users\/1"}],"replies":[{"embeddable":true,"href":"http:\/\/www.muricionline.com.br\/novo\/index.php?rest_route=%2Fwp%2Fv2%2Fcomments&post=7069"}],"version-history":[{"count":5,"href":"http:\/\/www.muricionline.com.br\/novo\/index.php?rest_route=\/wp\/v2\/posts\/7069\/revisions"}],"predecessor-version":[{"id":7077,"href":"http:\/\/www.muricionline.com.br\/novo\/index.php?rest_route=\/wp\/v2\/posts\/7069\/revisions\/7077"}],"wp:featuredmedia":[{"embeddable":true,"href":"http:\/\/www.muricionline.com.br\/novo\/index.php?rest_route=\/wp\/v2\/media\/7075"}],"wp:attachment":[{"href":"http:\/\/www.muricionline.com.br\/novo\/index.php?rest_route=%2Fwp%2Fv2%2Fmedia&parent=7069"}],"wp:term":[{"taxonomy":"category","embeddable":true,"href":"http:\/\/www.muricionline.com.br\/novo\/index.php?rest_route=%2Fwp%2Fv2%2Fcategories&post=7069"},{"taxonomy":"post_tag","embeddable":true,"href":"http:\/\/www.muricionline.com.br\/novo\/index.php?rest_route=%2Fwp%2Fv2%2Ftags&post=7069"}],"curies":[{"name":"wp","href":"https:\/\/api.w.org\/{rel}","templated":true}]}}