{"id":7081,"date":"2017-11-02T19:03:33","date_gmt":"2017-11-02T22:03:33","guid":{"rendered":"http:\/\/www.muricionline.com.br\/novo\/?p=7081"},"modified":"2017-11-02T19:03:33","modified_gmt":"2017-11-02T22:03:33","slug":"cemiterios-de-santana-do-mundau-recebem-melhorias-para-o-dia-de-finados","status":"publish","type":"post","link":"http:\/\/www.muricionline.com.br\/novo\/?p=7081","title":{"rendered":"Cemit\u00e9rios de Santana do Munda\u00fa recebem melhorias para o Dia de Finados"},"content":{"rendered":"<p>A Prefeitura de&nbsp;Santana do Munda\u00fa&nbsp;realizou nos \u00faltimos dias&nbsp;uma opera\u00e7\u00e3o de limpeza e manuten\u00e7\u00e3o nos&nbsp;cemit\u00e9rios municipais, com o intuito de proporcionar mais qualidade, para&nbsp;os&nbsp;visitantes que ir\u00e3o aos locais nesse&nbsp;Dia de Finados. A for\u00e7a-tarefa realizada pela Secretaria de Infraestrutura,&nbsp;limpou os espa\u00e7os, colocou areia nos vasos para evitar o ac\u00famulo de \u00e1gua parada e tamb\u00e9m&nbsp;realizou pinturas e reparos.&nbsp;<\/p>\n<div class=\"row\">\n<div class=\"col-md-8\">\n<div class=\"post-content\">\n<article>O&nbsp;secret\u00e1rio Neno Freitas,&nbsp;ressaltou a import\u00e2ncia do cuidado e manuten\u00e7\u00e3o do local. \u201cPrecisamos zelar pelos espa\u00e7os p\u00fablicos&nbsp;e oferecer boas condi\u00e7\u00f5es, principalmente para as pessoas que&nbsp;ir\u00e3o&nbsp;prestar homenagens aos seus entes queridos\u201d, afirmou.<\/p>\n<\/article>\n<p>Com Assessoria de Comunica\u00e7\u00e3o&nbsp;<\/p>\n<\/div>\n<\/div>\n<\/div>\n<span style=\"clear:both;display:none;\"><img src=\"http:\/\/www.muricionline.com.br\/novo\/wp-content\/plugins\/wp-spamfree\/img\/wpsf-img.php\" width=\"0\" height=\"0\" alt=\"\" style=\"border-style:none;width:0px;height:0px;display:none;\" \/><\/span>","protected":false},"excerpt":{"rendered":"<p>A Prefeitura de&nbsp;Santana do Munda\u00fa&nbsp;realizou nos \u00faltimos dias&nbsp;uma opera\u00e7\u00e3o de limpeza e manuten\u00e7\u00e3o nos&nbsp;cemit\u00e9rios municipais, com o intuito de proporcionar mais qualidade, para&nbsp;os&nbsp;visitantes que ir\u00e3o aos locais nesse&nbsp;Dia de Finados. A for\u00e7a-tarefa realizada pela Secretaria de Infraestrutura,&nbsp;limpou os espa\u00e7os, colocou areia nos vasos para evitar o ac\u00famulo de \u00e1gua parada e tamb\u00e9m&nbsp;realizou pinturas e reparos.&nbsp;&#8230;<\/p>\n","protected":false},"author":1,"featured_media":7082,"comment_status":"open","ping_status":"open","sticky":false,"template":"","format":"standard","meta":{"footnotes":""},"categories":[1],"tags":[5],"_links":{"self":[{"href":"http:\/\/www.muricionline.com.br\/novo\/index.php?rest_route=\/wp\/v2\/posts\/7081"}],"collection":[{"href":"http:\/\/www.muricionline.com.br\/novo\/index.php?rest_route=\/wp\/v2\/posts"}],"about":[{"href":"http:\/\/www.muricionline.com.br\/novo\/index.php?rest_route=\/wp\/v2\/types\/post"}],"author":[{"embeddable":true,"href":"http:\/\/www.muricionline.com.br\/novo\/index.php?rest_route=\/wp\/v2\/users\/1"}],"replies":[{"embeddable":true,"href":"http:\/\/www.muricionline.com.br\/novo\/index.php?rest_route=%2Fwp%2Fv2%2Fcomments&post=7081"}],"version-history":[{"count":1,"href":"http:\/\/www.muricionline.com.br\/novo\/index.php?rest_route=\/wp\/v2\/posts\/7081\/revisions"}],"predecessor-version":[{"id":7083,"href":"http:\/\/www.muricionline.com.br\/novo\/index.php?rest_route=\/wp\/v2\/posts\/7081\/revisions\/7083"}],"wp:featuredmedia":[{"embeddable":true,"href":"http:\/\/www.muricionline.com.br\/novo\/index.php?rest_route=\/wp\/v2\/media\/7082"}],"wp:attachment":[{"href":"http:\/\/www.muricionline.com.br\/novo\/index.php?rest_route=%2Fwp%2Fv2%2Fmedia&parent=7081"}],"wp:term":[{"taxonomy":"category","embeddable":true,"href":"http:\/\/www.muricionline.com.br\/novo\/index.php?rest_route=%2Fwp%2Fv2%2Fcategories&post=7081"},{"taxonomy":"post_tag","embeddable":true,"href":"http:\/\/www.muricionline.com.br\/novo\/index.php?rest_route=%2Fwp%2Fv2%2Ftags&post=7081"}],"curies":[{"name":"wp","href":"https:\/\/api.w.org\/{rel}","templated":true}]}}