{"id":7095,"date":"2017-11-03T07:32:29","date_gmt":"2017-11-03T10:32:29","guid":{"rendered":"http:\/\/www.muricionline.com.br\/novo\/?p=7095"},"modified":"2017-11-03T07:32:29","modified_gmt":"2017-11-03T10:32:29","slug":"murici-recebe-etapa-do-circuito-das-estacoes-de-trekking","status":"publish","type":"post","link":"http:\/\/www.muricionline.com.br\/novo\/?p=7095","title":{"rendered":"Murici recebe etapa do Circuito das Esta\u00e7\u00f5es de Trekking"},"content":{"rendered":"<p>Murici recebe neste final de semana o Circuito das Esta\u00e7\u00f5es de Trekking. Organizado pela equipe<strong> P\u00e9 de Trilha<\/strong> com o apoio da Prefeitura de Murici, o evento acontece neste s\u00e1bado, dia 04 de novembro, a partir das 08 horas.<\/p>\n<p>A etapa muriciense do Circuito das Esta\u00e7\u00f5es, contar\u00e1 com a participa\u00e7\u00e3o de 450 atletas, distribuidos nas categorias Ligth e HARD, percorrendo mais 20 km pela reserva de Mata Atl\u00e2ntica de Murici.<\/p>\n<p>&nbsp;<\/p>\n<p><strong>Concentra\u00e7\u00e3o:<\/strong><\/p>\n<p>Col\u00e9gio Professor Aurino Maciel (PAM), a partir das 07 horas.<\/p>\n<p>&nbsp;<\/p>\n<p><strong>Trekking ou enduro a p\u00e9 de regularidade:<\/strong><\/p>\n<p>A prova de enduro se resume em realizar um percurso pr\u00e9-determinado pela organiza\u00e7\u00e3o atrav\u00e9s de uma planilha de orienta\u00e7\u00e3o, superando obst\u00e1culos naturais e percorrendo estradas, trilhas, riachos e montanhas; com o tempo mais pr\u00f3ximo do ideal estabelecido. N\u00e3o \u00e9 uma prova de velocidade e sim de orienta\u00e7\u00e3o e regularidade, onde s\u00e3o fornecidas velocidades m\u00e9dias, e dist\u00e2ncias entre refer\u00eancias que constam na planilha de orienta\u00e7\u00e3o, possibilitando a equipe calcular o tempo exato de passagem em cada ponto.<\/p>\n<p>&nbsp;<\/p>\n<p>Foto: Ilustra\u00e7\u00e3o&nbsp;<\/p>\n<span style=\"clear:both;display:none;\"><img src=\"http:\/\/www.muricionline.com.br\/novo\/wp-content\/plugins\/wp-spamfree\/img\/wpsf-img.php\" width=\"0\" height=\"0\" alt=\"\" style=\"border-style:none;width:0px;height:0px;display:none;\" \/><\/span>","protected":false},"excerpt":{"rendered":"<p>Murici recebe neste final de semana o Circuito das Esta\u00e7\u00f5es de Trekking. Organizado pela equipe P\u00e9 de Trilha com o apoio da Prefeitura de Murici, o evento acontece neste s\u00e1bado, dia 04 de novembro, a partir das 08 horas. A etapa muriciense do Circuito das Esta\u00e7\u00f5es, contar\u00e1 com a participa\u00e7\u00e3o de 450 atletas, distribuidos nas&#8230;<\/p>\n","protected":false},"author":1,"featured_media":7096,"comment_status":"open","ping_status":"open","sticky":false,"template":"","format":"standard","meta":{"footnotes":""},"categories":[9],"tags":[5],"_links":{"self":[{"href":"http:\/\/www.muricionline.com.br\/novo\/index.php?rest_route=\/wp\/v2\/posts\/7095"}],"collection":[{"href":"http:\/\/www.muricionline.com.br\/novo\/index.php?rest_route=\/wp\/v2\/posts"}],"about":[{"href":"http:\/\/www.muricionline.com.br\/novo\/index.php?rest_route=\/wp\/v2\/types\/post"}],"author":[{"embeddable":true,"href":"http:\/\/www.muricionline.com.br\/novo\/index.php?rest_route=\/wp\/v2\/users\/1"}],"replies":[{"embeddable":true,"href":"http:\/\/www.muricionline.com.br\/novo\/index.php?rest_route=%2Fwp%2Fv2%2Fcomments&post=7095"}],"version-history":[{"count":1,"href":"http:\/\/www.muricionline.com.br\/novo\/index.php?rest_route=\/wp\/v2\/posts\/7095\/revisions"}],"predecessor-version":[{"id":7097,"href":"http:\/\/www.muricionline.com.br\/novo\/index.php?rest_route=\/wp\/v2\/posts\/7095\/revisions\/7097"}],"wp:featuredmedia":[{"embeddable":true,"href":"http:\/\/www.muricionline.com.br\/novo\/index.php?rest_route=\/wp\/v2\/media\/7096"}],"wp:attachment":[{"href":"http:\/\/www.muricionline.com.br\/novo\/index.php?rest_route=%2Fwp%2Fv2%2Fmedia&parent=7095"}],"wp:term":[{"taxonomy":"category","embeddable":true,"href":"http:\/\/www.muricionline.com.br\/novo\/index.php?rest_route=%2Fwp%2Fv2%2Fcategories&post=7095"},{"taxonomy":"post_tag","embeddable":true,"href":"http:\/\/www.muricionline.com.br\/novo\/index.php?rest_route=%2Fwp%2Fv2%2Ftags&post=7095"}],"curies":[{"name":"wp","href":"https:\/\/api.w.org\/{rel}","templated":true}]}}