{"id":7098,"date":"2017-11-03T20:06:02","date_gmt":"2017-11-03T23:06:02","guid":{"rendered":"http:\/\/www.muricionline.com.br\/novo\/?p=7098"},"modified":"2017-11-03T20:06:02","modified_gmt":"2017-11-03T23:06:02","slug":"prefeitura-de-murici-disponibiliza-transporte-gratuito-para-alunos-que-irao-fazer-o-enem","status":"publish","type":"post","link":"http:\/\/www.muricionline.com.br\/novo\/?p=7098","title":{"rendered":"Prefeitura de Murici disponibiliza transporte gratuito para alunos que ir\u00e3o fazer o ENEM"},"content":{"rendered":"<p>A Prefeitura Municipal de Murici atrav\u00e9s da Secretaria Municipal de Educa\u00e7\u00e3o, disponibilizar\u00e1 14 \u00f4nibus para o transporte de alunos que ir\u00e3o fazer as provas do Exame Nacional do Ensino M\u00e9dio (ENEM).&nbsp;<\/p>\n<p>Os \u00f4nibus sair\u00e3o da Pra\u00e7a Santa Teresa, no Centro da cidade, \u00e0s 10hs. Os alunos devem ficar atentos, pois os port\u00f5es de acesso aos locais de prova ser\u00e3o abertos \u00e0s 12hs de acordo com o hor\u00e1rio de Bras\u00edlia (DF).<\/p>\n<p>&nbsp;<\/p>\n<p><strong>O exame:<\/strong><\/p>\n<p>Neste ano, o Enem ser\u00e1 realizado em dois domingos consecutivos: 5 e 12 de novembro. O primeiro domingo ter\u00e1 linguagens, ci\u00eancias humanas e reda\u00e7\u00e3o, com cinco horas e meia de prova; no segundo, matem\u00e1tica e ci\u00eancias da natureza, com quatro horas e meia de exame.<\/p>\n<p>&nbsp;<\/p>\n<p>&nbsp;<\/p>\n<p>&nbsp;<\/p>\n<p>&nbsp;<\/p>\n<span style=\"clear:both;display:none;\"><img src=\"http:\/\/www.muricionline.com.br\/novo\/wp-content\/plugins\/wp-spamfree\/img\/wpsf-img.php\" width=\"0\" height=\"0\" alt=\"\" style=\"border-style:none;width:0px;height:0px;display:none;\" \/><\/span>","protected":false},"excerpt":{"rendered":"<p>A Prefeitura Municipal de Murici atrav\u00e9s da Secretaria Municipal de Educa\u00e7\u00e3o, disponibilizar\u00e1 14 \u00f4nibus para o transporte de alunos que ir\u00e3o fazer as provas do Exame Nacional do Ensino M\u00e9dio (ENEM).&nbsp; Os \u00f4nibus sair\u00e3o da Pra\u00e7a Santa Teresa, no Centro da cidade, \u00e0s 10hs. Os alunos devem ficar atentos, pois os port\u00f5es de acesso aos&#8230;<\/p>\n","protected":false},"author":1,"featured_media":7099,"comment_status":"open","ping_status":"open","sticky":false,"template":"","format":"standard","meta":{"footnotes":""},"categories":[1],"tags":[5],"_links":{"self":[{"href":"http:\/\/www.muricionline.com.br\/novo\/index.php?rest_route=\/wp\/v2\/posts\/7098"}],"collection":[{"href":"http:\/\/www.muricionline.com.br\/novo\/index.php?rest_route=\/wp\/v2\/posts"}],"about":[{"href":"http:\/\/www.muricionline.com.br\/novo\/index.php?rest_route=\/wp\/v2\/types\/post"}],"author":[{"embeddable":true,"href":"http:\/\/www.muricionline.com.br\/novo\/index.php?rest_route=\/wp\/v2\/users\/1"}],"replies":[{"embeddable":true,"href":"http:\/\/www.muricionline.com.br\/novo\/index.php?rest_route=%2Fwp%2Fv2%2Fcomments&post=7098"}],"version-history":[{"count":1,"href":"http:\/\/www.muricionline.com.br\/novo\/index.php?rest_route=\/wp\/v2\/posts\/7098\/revisions"}],"predecessor-version":[{"id":7100,"href":"http:\/\/www.muricionline.com.br\/novo\/index.php?rest_route=\/wp\/v2\/posts\/7098\/revisions\/7100"}],"wp:featuredmedia":[{"embeddable":true,"href":"http:\/\/www.muricionline.com.br\/novo\/index.php?rest_route=\/wp\/v2\/media\/7099"}],"wp:attachment":[{"href":"http:\/\/www.muricionline.com.br\/novo\/index.php?rest_route=%2Fwp%2Fv2%2Fmedia&parent=7098"}],"wp:term":[{"taxonomy":"category","embeddable":true,"href":"http:\/\/www.muricionline.com.br\/novo\/index.php?rest_route=%2Fwp%2Fv2%2Fcategories&post=7098"},{"taxonomy":"post_tag","embeddable":true,"href":"http:\/\/www.muricionline.com.br\/novo\/index.php?rest_route=%2Fwp%2Fv2%2Ftags&post=7098"}],"curies":[{"name":"wp","href":"https:\/\/api.w.org\/{rel}","templated":true}]}}