{"id":7101,"date":"2017-11-03T21:14:00","date_gmt":"2017-11-04T00:14:00","guid":{"rendered":"http:\/\/www.muricionline.com.br\/novo\/?p=7101"},"modified":"2017-11-03T21:14:00","modified_gmt":"2017-11-04T00:14:00","slug":"uniao-se-prepara-para-realizar-mais-uma-edicao-da-semana-do-bebe","status":"publish","type":"post","link":"http:\/\/www.muricionline.com.br\/novo\/?p=7101","title":{"rendered":"Uni\u00e3o se prepara para realizar mais uma edi\u00e7\u00e3o da \u201cSemana do Beb\u00ea\u201d"},"content":{"rendered":"<p>A Prefeitura de Uni\u00e3o dos Palmares est\u00e1 \u00e0s v\u00e9speras de promover mais uma edi\u00e7\u00e3o da \u201cSemana do Beb\u00ea\u201d no munic\u00edpio, evento que objetiva tornar o direito \u00e0 sobreviv\u00eancia e o desenvolvimento de crian\u00e7as de at\u00e9 6 anos de idade, prioridade na agenda municipal. Promovendo uma grande mobiliza\u00e7\u00e3o em favor da primeira inf\u00e2ncia. \u00c9 a terceira edi\u00e7\u00e3o da realiza\u00e7\u00e3o na cidade, que tem a coordena\u00e7\u00e3o da Comiss\u00e3o Organizadora e Executiva (COESBUP) composta pela Articuladora Municipal do Selo UNICEF e Primeira-Dama, Gabriela Yasmine Lins Freitas, profissionais dos mais diferentes segmentos do Poder Executivo e representantes do Sistema de Garantia de Direitos (SGD), em a\u00e7\u00f5es que v\u00e3o acontecer em v\u00e1rios setores da cidade.<\/p>\n<section id=\"wrapper-content\" class=\"wrapper-content\">\n<section id=\"post-170736\" class=\"content-main clearfix post-170736 post type-post status-publish format-standard has-post-thumbnail hentry category-alagoas container\">\n<div class=\"row\">\n<article class=\"column span-8\">\n<div class=\"main-content\">\n<div class=\"story\">\n<p>Em reuni\u00e3o nesta sexta-feira (03\/11), a Comiss\u00e3o Organizadora e Executiva do evento socializou com a presen\u00e7a do prefeito Kil Freitas os \u00faltimos detalhes para o andamento da programa\u00e7\u00e3o, que se inicia j\u00e1 neste pr\u00f3ximo domingo (05\/11) com a celebra\u00e7\u00e3o \u00e0 valoriza\u00e7\u00e3o da primeira inf\u00e2ncia e cultura de paz, em missas e cultos em alus\u00e3o aos cuidadores e crian\u00e7as de at\u00e9 6 anos, tendo no decorrer da semana a execu\u00e7\u00e3o de uma agenda voltada para as pol\u00edticas p\u00fablicas com oficinas, palestras, din\u00e2micas tem\u00e1ticas e art\u00edsticas e a\u00e7\u00f5es de sensibiliza\u00e7\u00e3o que sejam direcionadas \u00e0 garantia dos direitos e bem estar na primeira inf\u00e2ncia na regi\u00e3o palmarina. \u201cInfelizmente, temos um grande \u00edndice de mortalidade infantil em nosso pa\u00eds. E isso ocorre principalmente pela falta de informa\u00e7\u00f5es, coisa que podemos evitar de forma simples, atrav\u00e9s de a\u00e7\u00f5es como essa\u201d, pontuou prefeito Kil em sua fala sobre a import\u00e2ncia do evento.<\/p>\n<p>Os destaques desta edi\u00e7\u00e3o s\u00e3o: O lan\u00e7amento do Plano Municipal pela Primeira Inf\u00e2ncia (PMPI), Posse do Comit\u00ea da Primeira Inf\u00e2ncia Palmarina (COM-PIPA), Exibi\u00e7\u00e3o e Debate sobre o Filme \u201cO Come\u00e7o da Vida\u201d e Titula\u00e7\u00e3o do(a) Beb\u00ea Prefeito(a) 2017. Al\u00e9m disso, a Prefeitura ser\u00e1 um sat\u00e9lite do VII Simp\u00f3sio Internacional de Desenvolvimento da Primeira Inf\u00e2ncia (Pr\u00e1ticas Efetivas para uma Pol\u00edtica Integrada), realizado pelo N\u00facleo de Ci\u00eancia pela Inf\u00e2ncia da Funda\u00e7\u00e3o Maria Cec\u00edlia Souto Vidigal \u2013 NCPI\/FMCSV.<\/p>\n<p><strong>Confira a programa\u00e7\u00e3o na \u00edntegra atrav\u00e9s do link&nbsp;<a href=\"https:\/\/www.facebook.com\/SBuniao\/posts\/134088713847011\" data-saferedirecturl=\"https:\/\/www.google.com\/url?hl=pt-BR&amp;q=https:\/\/www.facebook.com\/SBuniao\/posts\/134088713847011&amp;source=gmail&amp;ust=1509809810057000&amp;usg=AFQjCNET0qK5Cf2U_CzuDn9DQYO4HHPDzQ\">https:\/\/www.facebook.com\/SBuniao\/posts\/134088713847011<\/a><\/strong><\/p>\n<p>&nbsp;<\/p>\n<p><strong>Secom Uni\u00e3o dos Palmares<\/strong><\/p>\n<\/div>\n<\/div>\n<\/article>\n<\/div>\n<\/section>\n<\/section>\n<span style=\"clear:both;display:none;\"><img src=\"http:\/\/www.muricionline.com.br\/novo\/wp-content\/plugins\/wp-spamfree\/img\/wpsf-img.php\" width=\"0\" height=\"0\" alt=\"\" style=\"border-style:none;width:0px;height:0px;display:none;\" \/><\/span>","protected":false},"excerpt":{"rendered":"<p>A Prefeitura de Uni\u00e3o dos Palmares est\u00e1 \u00e0s v\u00e9speras de promover mais uma edi\u00e7\u00e3o da \u201cSemana do Beb\u00ea\u201d no munic\u00edpio, evento que objetiva tornar o direito \u00e0 sobreviv\u00eancia e o desenvolvimento de crian\u00e7as de at\u00e9 6 anos de idade, prioridade na agenda municipal. Promovendo uma grande mobiliza\u00e7\u00e3o em favor da primeira inf\u00e2ncia. \u00c9 a terceira&#8230;<\/p>\n","protected":false},"author":1,"featured_media":7102,"comment_status":"open","ping_status":"open","sticky":false,"template":"","format":"standard","meta":{"footnotes":""},"categories":[1],"tags":[5],"_links":{"self":[{"href":"http:\/\/www.muricionline.com.br\/novo\/index.php?rest_route=\/wp\/v2\/posts\/7101"}],"collection":[{"href":"http:\/\/www.muricionline.com.br\/novo\/index.php?rest_route=\/wp\/v2\/posts"}],"about":[{"href":"http:\/\/www.muricionline.com.br\/novo\/index.php?rest_route=\/wp\/v2\/types\/post"}],"author":[{"embeddable":true,"href":"http:\/\/www.muricionline.com.br\/novo\/index.php?rest_route=\/wp\/v2\/users\/1"}],"replies":[{"embeddable":true,"href":"http:\/\/www.muricionline.com.br\/novo\/index.php?rest_route=%2Fwp%2Fv2%2Fcomments&post=7101"}],"version-history":[{"count":1,"href":"http:\/\/www.muricionline.com.br\/novo\/index.php?rest_route=\/wp\/v2\/posts\/7101\/revisions"}],"predecessor-version":[{"id":7103,"href":"http:\/\/www.muricionline.com.br\/novo\/index.php?rest_route=\/wp\/v2\/posts\/7101\/revisions\/7103"}],"wp:featuredmedia":[{"embeddable":true,"href":"http:\/\/www.muricionline.com.br\/novo\/index.php?rest_route=\/wp\/v2\/media\/7102"}],"wp:attachment":[{"href":"http:\/\/www.muricionline.com.br\/novo\/index.php?rest_route=%2Fwp%2Fv2%2Fmedia&parent=7101"}],"wp:term":[{"taxonomy":"category","embeddable":true,"href":"http:\/\/www.muricionline.com.br\/novo\/index.php?rest_route=%2Fwp%2Fv2%2Fcategories&post=7101"},{"taxonomy":"post_tag","embeddable":true,"href":"http:\/\/www.muricionline.com.br\/novo\/index.php?rest_route=%2Fwp%2Fv2%2Ftags&post=7101"}],"curies":[{"name":"wp","href":"https:\/\/api.w.org\/{rel}","templated":true}]}}