{"id":7121,"date":"2017-11-04T17:56:09","date_gmt":"2017-11-04T20:56:09","guid":{"rendered":"http:\/\/www.muricionline.com.br\/novo\/?p=7121"},"modified":"2017-11-04T18:00:16","modified_gmt":"2017-11-04T21:00:16","slug":"dimensao-e-campeao-da-segundona-e-conquista-vaga-na-elite-do-futebol-alagoano","status":"publish","type":"post","link":"http:\/\/www.muricionline.com.br\/novo\/?p=7121","title":{"rendered":"Dimens\u00e3o \u00e9 campe\u00e3o da segundona e conquista vaga no alagoano 2018"},"content":{"rendered":"<p>Na tarde deste s\u00e1bado (4), o Dimens\u00e3o Sa\u00fade se sagrou campe\u00e3o alagoano da segunda divis\u00e3o 2017 e garantiu seu acesso a primeira divis\u00e3o do futebol de Alagoas em 2018. A equipe, que mandou seus jogos na cidade de Palmeira dos \u00cdndios, venceu o Ipanema por 4 a 1, no est\u00e1dio Arnon de Melo na cidade de Santana do Ipanema.<\/p>\n<div class=\"post_content page_margin_top_section row\">\n<div class=\"content_box\">\n<p>Em Uni\u00e3o dos Palmares, no est\u00e1dio Orlando Gomes de Barros, o Zumbi venceu o Comercial de Vi\u00e7osa por 2 a 0. O time da casa ainda desperdi\u00e7ou uma penalidade com o atacante Alexandro.<\/p>\n<p>Dimens\u00e3o Sa\u00fade e Zumbi encerraram a competi\u00e7\u00e3o com 19 pontos, mas o time comandado por Jaelson Marcelino levou vantagem no saldo de gols, 15 contra 12.<\/p>\n<p>Embora o Dimens\u00e3o Sa\u00fade tenha mandado seus jogos em Palmeira dos \u00cdndios, dever\u00e1 representar a cidade de Capela na disputa da primeira divis\u00e3o. Caso isso se confirme, os jogos acontecer\u00e3o no est\u00e1dio Manoel Moreira. &nbsp;&nbsp;&nbsp;<\/p>\n<p><strong>Jaelson Marcelino<\/strong><\/p>\n<p>O t\u00e9cnico Jaelson Marcelino garante mais um acesso em sua carreira. Em 2016, comandando o time do CEO, da cidade de Olho d`\u00e1gua das Flores, ele tamb\u00e9m garantiu acesso \u00e0 elite do Estado. &nbsp;&nbsp;<\/p>\n<p style=\"text-align: left;\"><strong>Irrita\u00e7\u00e3o<\/strong><\/p>\n<p>Em Uni\u00e3o dos Palmares, houve insatisfa\u00e7\u00e3o com a situa\u00e7\u00e3o. Fala-se, inclusive, em acionar a Justi\u00e7a para garantir o acesso do Zumbi, uma vez que- nesta temporada- &nbsp;duas equipes foram, rebaixadas e apenas um ter\u00e1 direito ao acesso. Por\u00e9m, \u00e9 bom lembrar, o regulamento j\u00e1 havia sido aprovado com anteced\u00eancia.<\/p>\n<p>Nesta temporada 2017, os rebaixados foram 7 de setembro e Miguelense.<\/p>\n<p><strong>Resultados da rodada:<\/strong><\/p>\n<p>Desportivo Alian\u00e7a 0 x 1 Santa Cruz &nbsp;&nbsp;&nbsp;<\/p>\n<p>Ipanema 1 x 4 Dimens\u00e3o Sa\u00fade<\/p>\n<p>Agrimaq 1 x 2 S\u00e3o Domingos<\/p>\n<p>Zumbi 2 x 0 Comercial<\/p>\n<p>Quem vai disputar<\/p>\n<p><strong>Confira os nove clubes da primeira divis\u00e3o em Alagoas em 2018<\/strong><\/p>\n<p>ASA, CSA, CRB, CEO, CSE, Coruripe, Dimens\u00e3o Sa\u00fade, Murici e Santa Rita<\/p>\n<p>&nbsp;<\/p>\n<\/div>\n<\/div>\n<p>Com Claudio Barbosa<\/p>\n<p>Foto: Cortesia&nbsp;<\/p>\n<span style=\"clear:both;display:none;\"><img src=\"http:\/\/www.muricionline.com.br\/novo\/wp-content\/plugins\/wp-spamfree\/img\/wpsf-img.php\" width=\"0\" height=\"0\" alt=\"\" style=\"border-style:none;width:0px;height:0px;display:none;\" \/><\/span>","protected":false},"excerpt":{"rendered":"<p>Na tarde deste s\u00e1bado (4), o Dimens\u00e3o Sa\u00fade se sagrou campe\u00e3o alagoano da segunda divis\u00e3o 2017 e garantiu seu acesso a primeira divis\u00e3o do futebol de Alagoas em 2018. A equipe, que mandou seus jogos na cidade de Palmeira dos \u00cdndios, venceu o Ipanema por 4 a 1, no est\u00e1dio Arnon de Melo na cidade&#8230;<\/p>\n","protected":false},"author":1,"featured_media":7122,"comment_status":"open","ping_status":"open","sticky":false,"template":"","format":"standard","meta":{"footnotes":""},"categories":[9],"tags":[5],"_links":{"self":[{"href":"http:\/\/www.muricionline.com.br\/novo\/index.php?rest_route=\/wp\/v2\/posts\/7121"}],"collection":[{"href":"http:\/\/www.muricionline.com.br\/novo\/index.php?rest_route=\/wp\/v2\/posts"}],"about":[{"href":"http:\/\/www.muricionline.com.br\/novo\/index.php?rest_route=\/wp\/v2\/types\/post"}],"author":[{"embeddable":true,"href":"http:\/\/www.muricionline.com.br\/novo\/index.php?rest_route=\/wp\/v2\/users\/1"}],"replies":[{"embeddable":true,"href":"http:\/\/www.muricionline.com.br\/novo\/index.php?rest_route=%2Fwp%2Fv2%2Fcomments&post=7121"}],"version-history":[{"count":3,"href":"http:\/\/www.muricionline.com.br\/novo\/index.php?rest_route=\/wp\/v2\/posts\/7121\/revisions"}],"predecessor-version":[{"id":7125,"href":"http:\/\/www.muricionline.com.br\/novo\/index.php?rest_route=\/wp\/v2\/posts\/7121\/revisions\/7125"}],"wp:featuredmedia":[{"embeddable":true,"href":"http:\/\/www.muricionline.com.br\/novo\/index.php?rest_route=\/wp\/v2\/media\/7122"}],"wp:attachment":[{"href":"http:\/\/www.muricionline.com.br\/novo\/index.php?rest_route=%2Fwp%2Fv2%2Fmedia&parent=7121"}],"wp:term":[{"taxonomy":"category","embeddable":true,"href":"http:\/\/www.muricionline.com.br\/novo\/index.php?rest_route=%2Fwp%2Fv2%2Fcategories&post=7121"},{"taxonomy":"post_tag","embeddable":true,"href":"http:\/\/www.muricionline.com.br\/novo\/index.php?rest_route=%2Fwp%2Fv2%2Ftags&post=7121"}],"curies":[{"name":"wp","href":"https:\/\/api.w.org\/{rel}","templated":true}]}}