{"id":7126,"date":"2017-11-04T18:20:02","date_gmt":"2017-11-04T21:20:02","guid":{"rendered":"http:\/\/www.muricionline.com.br\/novo\/?p=7126"},"modified":"2017-11-04T18:21:40","modified_gmt":"2017-11-04T21:21:40","slug":"sao-jose-da-laje-cha-de-memoria-homenageia-100-anos-do-tiro-de-guerra","status":"publish","type":"post","link":"http:\/\/www.muricionline.com.br\/novo\/?p=7126","title":{"rendered":"S\u00e3o Jos\u00e9 da Laje: Ch\u00e1 de Mem\u00f3ria homenageia 100 anos do Tiro de Guerra"},"content":{"rendered":"<p>O munic\u00edpio de S\u00e3o Jos\u00e9 da Laje, atrav\u00e9s da Secretaria de Cultura, realizou esta semana, o 6\u00ba Ch\u00e1 de Mem\u00f3ria na Biblioteca Municipal Prof. Fernando Galv\u00e3o de Pontes, um projeto que conta com a parceria do Arquivo P\u00fablico Estadual, j\u00e1 em comemora\u00e7\u00e3o ao centen\u00e1rio do Tiro de Guerra 07\/009, situado no munic\u00edpio, \u00e0 edi\u00e7\u00e3o do Ch\u00e1 teve a forma\u00e7\u00e3o da mesa redonda com a presen\u00e7a do 1\u00ba Sgt. do Ex\u00e9rcito Brasileiro Carlos Henrique, atual chefe de instru\u00e7\u00e3o do TG 07\/009, do Cel. do Ex\u00e9rcito e m\u00e9dico R\u00f4mulo Tim\u00f3teo, entre outras personalidades.<\/p>\n<div class=\"story\">\n<div class=\"lite-clear\" data-xp=\"0\">&nbsp;<\/div>\n<p>Na oportunidade, os convidados puderam relatar suas experi\u00eancias vividas no Tiro de Guerra, bem com a import\u00e2ncia do TG para S\u00e3o Jos\u00e9 da Laje, o Sargento Henrique chefe de instru\u00e7\u00e3o do Tiro de Guerra frisou os desafios de comandar jovens atiradores, na forma\u00e7\u00e3o militar e cidad\u00e3 de cada um. Dentre os assuntos em destaque, nesta edi\u00e7\u00e3o do ch\u00e1, foi o choque de \u00e9pocas relatadas por antigos e atuais atiradores. Para a Secret\u00e1ria Municipal de Cultura, o 6\u00ba Ch\u00e1 de Mem\u00f3ria foi considerado mais uma edi\u00e7\u00e3o de sucesso neste modelo de projeto do poder municipal, que busca o resgate da manuten\u00e7\u00e3o da hist\u00f3ria da cidade e dos lajenses.<\/p>\n<p>\u201cFico muito feliz em ver que a cada edi\u00e7\u00e3o do Ch\u00e1 n\u00f3s conseguimos descobrir coisas novas sobre nossa hist\u00f3ria, sobre nossa querida S\u00e3o Jos\u00e9 da Laje\u201d, disse felic\u00edssima Jacineide Maia.<\/p>\n<p>&nbsp;<\/p>\n<p><strong>Com Secom\/S\u00e3o Jos\u00e9 da Laje<\/strong><\/p>\n<\/div>\n<span style=\"clear:both;display:none;\"><img src=\"http:\/\/www.muricionline.com.br\/novo\/wp-content\/plugins\/wp-spamfree\/img\/wpsf-img.php\" width=\"0\" height=\"0\" alt=\"\" style=\"border-style:none;width:0px;height:0px;display:none;\" \/><\/span>","protected":false},"excerpt":{"rendered":"<p>O munic\u00edpio de S\u00e3o Jos\u00e9 da Laje, atrav\u00e9s da Secretaria de Cultura, realizou esta semana, o 6\u00ba Ch\u00e1 de Mem\u00f3ria na Biblioteca Municipal Prof. Fernando Galv\u00e3o de Pontes, um projeto que conta com a parceria do Arquivo P\u00fablico Estadual, j\u00e1 em comemora\u00e7\u00e3o ao centen\u00e1rio do Tiro de Guerra 07\/009, situado no munic\u00edpio, \u00e0 edi\u00e7\u00e3o do&#8230;<\/p>\n","protected":false},"author":1,"featured_media":0,"comment_status":"open","ping_status":"open","sticky":false,"template":"","format":"standard","meta":{"footnotes":""},"categories":[1],"tags":[5],"_links":{"self":[{"href":"http:\/\/www.muricionline.com.br\/novo\/index.php?rest_route=\/wp\/v2\/posts\/7126"}],"collection":[{"href":"http:\/\/www.muricionline.com.br\/novo\/index.php?rest_route=\/wp\/v2\/posts"}],"about":[{"href":"http:\/\/www.muricionline.com.br\/novo\/index.php?rest_route=\/wp\/v2\/types\/post"}],"author":[{"embeddable":true,"href":"http:\/\/www.muricionline.com.br\/novo\/index.php?rest_route=\/wp\/v2\/users\/1"}],"replies":[{"embeddable":true,"href":"http:\/\/www.muricionline.com.br\/novo\/index.php?rest_route=%2Fwp%2Fv2%2Fcomments&post=7126"}],"version-history":[{"count":1,"href":"http:\/\/www.muricionline.com.br\/novo\/index.php?rest_route=\/wp\/v2\/posts\/7126\/revisions"}],"predecessor-version":[{"id":7127,"href":"http:\/\/www.muricionline.com.br\/novo\/index.php?rest_route=\/wp\/v2\/posts\/7126\/revisions\/7127"}],"wp:attachment":[{"href":"http:\/\/www.muricionline.com.br\/novo\/index.php?rest_route=%2Fwp%2Fv2%2Fmedia&parent=7126"}],"wp:term":[{"taxonomy":"category","embeddable":true,"href":"http:\/\/www.muricionline.com.br\/novo\/index.php?rest_route=%2Fwp%2Fv2%2Fcategories&post=7126"},{"taxonomy":"post_tag","embeddable":true,"href":"http:\/\/www.muricionline.com.br\/novo\/index.php?rest_route=%2Fwp%2Fv2%2Ftags&post=7126"}],"curies":[{"name":"wp","href":"https:\/\/api.w.org\/{rel}","templated":true}]}}