{"id":7130,"date":"2017-11-05T18:18:21","date_gmt":"2017-11-05T21:18:21","guid":{"rendered":"http:\/\/www.muricionline.com.br\/novo\/?p=7130"},"modified":"2017-11-05T18:18:21","modified_gmt":"2017-11-05T21:18:21","slug":"hospital-de-sao-jose-da-laje-e-destaque-e-reconhecido-pelas-acoes-de-humanizacao","status":"publish","type":"post","link":"http:\/\/www.muricionline.com.br\/novo\/?p=7130","title":{"rendered":"Hospital de S\u00e3o Jos\u00e9 da Laje \u00e9 destaque e reconhecido pelas a\u00e7\u00f5es de Humaniza\u00e7\u00e3o"},"content":{"rendered":"<p><span style=\"font-family: Arial;\">A enfermeira&nbsp;<\/span><span style=\"font-family: Arial;\">Rayra<\/span><span style=\"font-family: Arial;\">&nbsp;Mendes<\/span><span style=\"font-family: Arial;\">&nbsp;da Rocha Pimentel<\/span><span style=\"font-family: Arial;\">, ir\u00e1 representa<\/span><span style=\"font-family: Arial;\">r<\/span><span style=\"font-family: Arial;\">&nbsp;o Estado de Alagoas no<\/span><span style=\"font-family: Arial;\">s<\/span><span style=\"font-family: Arial;\">&nbsp;Congresso<\/span><span style=\"font-family: Arial;\">s Nacional e I<\/span><span style=\"font-family: Arial;\">nternacional<\/span><span style=\"font-family: Arial;\">&nbsp;de Enfermagem Obst\u00e9trica e Neonata<\/span><span style=\"font-family: Arial;\">l, em Campo Grande\/MS<\/span><span style=\"font-family: Arial;\">, entre os dias, 0<\/span><span style=\"font-family: Arial;\">1 e<\/span><span style=\"font-family: Arial;\">&nbsp;05 de novembro.&nbsp;<\/span><span style=\"font-family: Arial;\">Rayra<\/span><span style=\"font-family: Arial;\">&nbsp;apresentar\u00e1<\/span><span style=\"font-family: Arial;\">&nbsp;por interm\u00e9dio do curso de especializa\u00e7\u00e3o em Enfermagem Obst\u00e9trica e Neonatal da Universidade F<\/span><span style=\"font-family: Arial;\">ederal de Minas Gerais com polo na UFAL<\/span><span style=\"font-family: Arial;\">, a Import\u00e2ncia da Atua\u00e7\u00e3o da E<\/span><span style=\"font-family: Arial;\">nfe<\/span><span style=\"font-family: Arial;\">rmagem na mudan\u00e7a do pa<\/span><span style=\"font-family: Arial;\">radigma a<\/span><span style=\"font-family: Arial;\">ssistencial em O<\/span><span style=\"font-family: Arial;\">bstetr\u00edcia no Centro de Parto N<\/span><span style=\"font-family: Arial;\">ormal<\/span><span style=\"font-family: Arial;\">&nbsp;da Unidade Mista Dr. Arthur Camelo&nbsp;<\/span><span style=\"font-family: Arial;\">V\u00e9ras<\/span><span style=\"font-family: Arial;\">, na qual desempenha suas atividades profissionais.<\/span><\/p>\n<div class=\"row\">\n<div class=\"col-md-8\">\n<div class=\"post-content\">\n<article>\n<div align=\"justify\">&nbsp;<\/div>\n<div align=\"justify\"><span style=\"font-family: Arial;\">A Unidade Mista Dr. Arthur Camelo&nbsp;<\/span><span style=\"font-family: Arial;\">V\u00e9ras<\/span><span style=\"font-family: Arial;\">,&nbsp;<\/span><span style=\"font-family: Arial;\">mantida<\/span><span style=\"font-family: Arial;\">com recursos do munic\u00edpio de S\u00e3o Jos\u00e9 da Laje<\/span><span style=\"font-family: Arial;\">\/AL<\/span><span style=\"font-family: Arial;\">, conta com um Centro de Parto normal, climatizado entre as salas de&nbsp;<\/span><span style=\"font-family: Arial;\">pr\u00e9-parto<\/span><span style=\"font-family: Arial;\">&nbsp;e p\u00f3s-parto, equipado com materiais e equipamentos que s\u00e3o preconizados pela rede cegonha, como as camas&nbsp;<\/span><span style=\"font-family: Arial;\">PPPs<\/span><span style=\"font-family: Arial;\">, ber\u00e7\u00e1rio aquecido, incubadora neonatal, al\u00e9m da incubadora de transporte que s\u00e3o fundamentais para assist\u00eancia ao rec\u00e9m-nascido<\/span><span style=\"font-family: Arial;\">. Mensalmente,&nbsp;<\/span><span style=\"font-family: Arial;\">cerca de 15<\/span><span style=\"font-family: Arial;\">&nbsp;(quinze) partos acontecem no<\/span><span style=\"font-family: Arial;\">&nbsp;Hospital em S\u00e3o Jos\u00e9 da Laje. N<\/span><span style=\"font-family: Arial;\">o momento da alta, as mam\u00e3es s\u00e3o orientadas<\/span><span style=\"font-family: Arial;\">&nbsp;<\/span><span style=\"font-family: Arial;\">pela equipe de enfermagem<\/span><span style=\"font-family: Arial;\">, sobre os cuidados domiciliares com o beb\u00ea e com a mam\u00e3e, relativos \u00e0 alimenta\u00e7\u00e3o, higiene, vacina\u00e7\u00e3o, teste do pezinho, at\u00e9 uma consulta m\u00e9dica-pedi\u00e1trica j\u00e1 sai agendada pela Unidade de Sa\u00fade.&nbsp;<\/span><\/div>\n<div align=\"justify\">&nbsp;<\/div>\n<div align=\"justify\"><span style=\"font-family: Arial;\">Segundo a Secret\u00e1ria de Sa\u00fade, a maternidade&nbsp;<\/span><span style=\"font-family: Arial;\">disponhe<\/span><span style=\"font-family: Arial;\">&nbsp;de bola&nbsp;<\/span><span style=\"font-family: Arial;\">Sui\u00e7a<\/span><span style=\"font-family: Arial;\">&nbsp;e espaldar<\/span><span style=\"font-family: Arial;\">,<\/span><span style=\"font-family: Arial;\">&nbsp;<\/span><span style=\"font-family: Arial;\">na realiza\u00e7\u00e3o de<\/span><span style=\"font-family: Arial;\">exerc\u00edcios com as parturientes permitindo a aplica\u00e7\u00e3o de m\u00e9todos n\u00e3o farmacol\u00f3gicos de al\u00edvio de dor. \u201cS\u00e3o 06 enfermeiros plantonistas, uma equipe&nbsp;<\/span><span style=\"font-family: Arial;\">com&nbsp;<\/span><span style=\"font-family: Arial;\">05 t\u00e9cnicos de enfermagem fixos na maternidade,&nbsp;<\/span><span style=\"font-family: Arial;\">durante a<\/span><span style=\"font-family: Arial;\">&nbsp;realiza\u00e7\u00e3o da assist\u00eancia ao parto desde a admiss\u00e3o at\u00e9 a alta da parturiente<\/span><span style=\"font-family: Arial;\">,&nbsp;<\/span><span style=\"font-family: Arial;\">se necess\u00e1rio s\u00e3o realizados exames laboratoriais na pr\u00f3pria Unidade,<\/span><span style=\"font-family: Arial;\">&nbsp;mas<\/span><span style=\"font-family: Arial;\">&nbsp;os testes r\u00e1pidos de HIV e S\u00edfilis, que s\u00e3o fundamentais na preven\u00e7\u00e3o de transmiss\u00e3o vertical<\/span><span style=\"font-family: Arial;\">&nbsp;foi uma conquista recente, e s\u00e3o realizados obrigatoriamente de rotina\u201d, falou \u00c2ngela Vanessa.<\/span><\/div>\n<div align=\"justify\">&nbsp;<\/div>\n<div align=\"justify\"><span style=\"font-family: Arial;\">Para&nbsp;<\/span><span style=\"font-family: Arial;\">Rayra<\/span><span style=\"font-family: Arial;\">&nbsp;Mendes, as modifica\u00e7\u00f5es na estrutura do prontu\u00e1rio,&nbsp;<\/span><span style=\"font-family: Arial;\">impleme<\/span><span style=\"font-family: Arial;\">ntando<\/span><span style=\"font-family: Arial;\">&nbsp;a avalia\u00e7\u00e3o obst\u00e9trica pelo enfermeiro assistente, o acolhimento com classifica\u00e7\u00e3o de risco, a utiliza\u00e7\u00e3o do&nbsp;<\/span><span style=\"font-family: Arial;\">partograma<\/span><span style=\"font-family: Arial;\">&nbsp;no acompanhamento do trabalho de parto e&nbsp;<\/span><span style=\"font-family: Arial;\">p\u00f3s-parto, al\u00e9m dos recursos n\u00e3o<\/span><span style=\"font-family: Arial;\">&nbsp;farmacol\u00f3gicos, somados ao exame f\u00edsico e do relat\u00f3rio de alta, fizeram com que a maternidade do Hospital Municipal aumentasse a taxa de natalidade, como tamb\u00e9m qualificou o cuidado baseado na humaniza\u00e7\u00e3o da assist\u00eancia prestando cuidado de forma hol\u00edstica e integral, centrado nas necessidades da paciente, como tamb\u00e9m um cuidado baseado em evid\u00eancias com todas as recomenda\u00e7\u00f5es do Minist\u00e9rio da Sa\u00fade e da Rede Cegonha. \u201c\u00c9 um verdadeiro sonho para mim enquanto profissional de enfermagem, e para minha cidade, que com os resultados diminu\u00edmos em 40% os encaminhamentos para as maternidades da regi\u00e3o, e consequentemente proliferamos o n\u00famero de partos em S\u00e3o Jos\u00e9 da Laje\u201d, disse entusiasmada a Enfermeira Obst\u00e9trica.<\/span><\/div>\n<\/article>\n<\/div>\n<div align=\"justify\">&nbsp;<\/div>\n<div align=\"justify\">&nbsp;<\/div>\n<div align=\"justify\">&nbsp;<\/div>\n<div align=\"justify\">Com Assessoria de Comunica\u00e7\u00e3o&nbsp;<\/div>\n<\/div>\n<\/div>\n<span style=\"clear:both;display:none;\"><img src=\"http:\/\/www.muricionline.com.br\/novo\/wp-content\/plugins\/wp-spamfree\/img\/wpsf-img.php\" width=\"0\" height=\"0\" alt=\"\" style=\"border-style:none;width:0px;height:0px;display:none;\" \/><\/span>","protected":false},"excerpt":{"rendered":"<p>A enfermeira&nbsp;Rayra&nbsp;Mendes&nbsp;da Rocha Pimentel, ir\u00e1 representar&nbsp;o Estado de Alagoas nos&nbsp;Congressos Nacional e Internacional&nbsp;de Enfermagem Obst\u00e9trica e Neonatal, em Campo Grande\/MS, entre os dias, 01 e&nbsp;05 de novembro.&nbsp;Rayra&nbsp;apresentar\u00e1&nbsp;por interm\u00e9dio do curso de especializa\u00e7\u00e3o em Enfermagem Obst\u00e9trica e Neonatal da Universidade Federal de Minas Gerais com polo na UFAL, a Import\u00e2ncia da Atua\u00e7\u00e3o da Enfermagem na mudan\u00e7a&#8230;<\/p>\n","protected":false},"author":1,"featured_media":7131,"comment_status":"open","ping_status":"open","sticky":false,"template":"","format":"standard","meta":{"footnotes":""},"categories":[1],"tags":[5],"_links":{"self":[{"href":"http:\/\/www.muricionline.com.br\/novo\/index.php?rest_route=\/wp\/v2\/posts\/7130"}],"collection":[{"href":"http:\/\/www.muricionline.com.br\/novo\/index.php?rest_route=\/wp\/v2\/posts"}],"about":[{"href":"http:\/\/www.muricionline.com.br\/novo\/index.php?rest_route=\/wp\/v2\/types\/post"}],"author":[{"embeddable":true,"href":"http:\/\/www.muricionline.com.br\/novo\/index.php?rest_route=\/wp\/v2\/users\/1"}],"replies":[{"embeddable":true,"href":"http:\/\/www.muricionline.com.br\/novo\/index.php?rest_route=%2Fwp%2Fv2%2Fcomments&post=7130"}],"version-history":[{"count":1,"href":"http:\/\/www.muricionline.com.br\/novo\/index.php?rest_route=\/wp\/v2\/posts\/7130\/revisions"}],"predecessor-version":[{"id":7132,"href":"http:\/\/www.muricionline.com.br\/novo\/index.php?rest_route=\/wp\/v2\/posts\/7130\/revisions\/7132"}],"wp:featuredmedia":[{"embeddable":true,"href":"http:\/\/www.muricionline.com.br\/novo\/index.php?rest_route=\/wp\/v2\/media\/7131"}],"wp:attachment":[{"href":"http:\/\/www.muricionline.com.br\/novo\/index.php?rest_route=%2Fwp%2Fv2%2Fmedia&parent=7130"}],"wp:term":[{"taxonomy":"category","embeddable":true,"href":"http:\/\/www.muricionline.com.br\/novo\/index.php?rest_route=%2Fwp%2Fv2%2Fcategories&post=7130"},{"taxonomy":"post_tag","embeddable":true,"href":"http:\/\/www.muricionline.com.br\/novo\/index.php?rest_route=%2Fwp%2Fv2%2Ftags&post=7130"}],"curies":[{"name":"wp","href":"https:\/\/api.w.org\/{rel}","templated":true}]}}