{"id":7135,"date":"2017-11-05T18:29:40","date_gmt":"2017-11-05T21:29:40","guid":{"rendered":"http:\/\/www.muricionline.com.br\/novo\/?p=7135"},"modified":"2017-11-05T18:36:39","modified_gmt":"2017-11-05T21:36:39","slug":"professores-e-servidores-da-educacao-de-santana-do-mundau-ganham-super-festa","status":"publish","type":"post","link":"http:\/\/www.muricionline.com.br\/novo\/?p=7135","title":{"rendered":"Professores e servidores da educa\u00e7\u00e3o de Santana do Munda\u00fa ganham super festa"},"content":{"rendered":"<p>Em mais um ato de valoriza\u00e7\u00e3o aos profissionais que dedicam suas vidas pelo munic\u00edpio, a prefeitura de Santana do Munda\u00fa, por meio da secretaria de educa\u00e7\u00e3o, promoveu uma grande festa nesta sexta-feira (03), em alus\u00e3o ao dia dos professores, comemorado no \u00faltimo dia 15.&nbsp;<\/p>\n<div class=\"row\">\n<div class=\"col-md-8\">\n<div class=\"post-content\">\n<article>Com uma decora\u00e7\u00e3o rica em detalhes&nbsp;e ao som de muita m\u00fasica, professores,&nbsp;t\u00e9cnicos, coordenadores, diretores, e demais&nbsp;servidores que comp\u00f5em a educa\u00e7\u00e3o municipal, tiveram um dia de lazer com muita alegria e descontra\u00e7\u00e3o.&nbsp;Al\u00e9m de&nbsp;um card\u00e1pio repleto de quitutes e de&nbsp;uma deliciosa feijoada,&nbsp;eles tamb\u00e9m&nbsp;participaram do sorteio de diversos&nbsp;pr\u00eamios&nbsp;como&nbsp;geladeira, fog\u00e3o, m\u00e1quina de lavar,&nbsp;TV, batedeiras, liquidificadores e ventiladores.&nbsp;Acompanhando a programa\u00e7\u00e3o ao lado do grupo, o&nbsp;prefeito&nbsp;Arthur Freitas, destacou&nbsp;a import\u00e2ncia de eventos como esse.&nbsp;\u201cA secret\u00e1ria&nbsp;Daniele M\u00e1rcia&nbsp;e toda a equipe, est\u00e3o de parab\u00e9ns por oportunizar uma programa\u00e7\u00e3o t\u00e3o organizada e animada, preparada cuidadosamente para eles. Foi uma forma que encontramos&nbsp;de&nbsp;retribuir&nbsp;todo o empenho e dedica\u00e7\u00e3o&nbsp;dessa importante&nbsp;categoria, e, \u00e9 sem d\u00favida,&nbsp;um momento de celebra\u00e7\u00e3o&nbsp;para&nbsp;valoriz\u00e1-los como bons&nbsp;profissionais e pessoas que s\u00e3o&#8221;, disse.<\/p>\n<p>Para&nbsp;a secret\u00e1ria, a&nbsp;equipe da Educa\u00e7\u00e3o&nbsp;est\u00e1 de parab\u00e9ns pelos resultados que v\u00eam sendo conquistados. &#8220;Esse momento&nbsp;\u00e9 para celebrarmos&nbsp;todas as conquistas alcan\u00e7adas&nbsp;nos \u00faltimos meses, e, tamb\u00e9m, uma forma de agradecer ao prefeito Arthur por&nbsp;tratar a educa\u00e7\u00e3o como uma das&nbsp;prioridades da sua gest\u00e3o, valorizando e&nbsp;dando boas condi\u00e7\u00f5es de trabalho aos nossos profissionais\u201d, concluiu, Daniele<\/p>\n<p>&nbsp;<\/p>\n<\/article>\n<p>Com Ascom\/ Santana do Munda\u00fa&nbsp;<\/p>\n<\/div>\n<\/div>\n<\/div>\n<span style=\"clear:both;display:none;\"><img src=\"http:\/\/www.muricionline.com.br\/novo\/wp-content\/plugins\/wp-spamfree\/img\/wpsf-img.php\" width=\"0\" height=\"0\" alt=\"\" style=\"border-style:none;width:0px;height:0px;display:none;\" \/><\/span>","protected":false},"excerpt":{"rendered":"<p>Em mais um ato de valoriza\u00e7\u00e3o aos profissionais que dedicam suas vidas pelo munic\u00edpio, a prefeitura de Santana do Munda\u00fa, por meio da secretaria de educa\u00e7\u00e3o, promoveu uma grande festa nesta sexta-feira (03), em alus\u00e3o ao dia dos professores, comemorado no \u00faltimo dia 15.&nbsp; Com uma decora\u00e7\u00e3o rica em detalhes&nbsp;e ao som de muita m\u00fasica,&#8230;<\/p>\n","protected":false},"author":1,"featured_media":7137,"comment_status":"open","ping_status":"open","sticky":false,"template":"","format":"standard","meta":{"footnotes":""},"categories":[1],"tags":[5],"_links":{"self":[{"href":"http:\/\/www.muricionline.com.br\/novo\/index.php?rest_route=\/wp\/v2\/posts\/7135"}],"collection":[{"href":"http:\/\/www.muricionline.com.br\/novo\/index.php?rest_route=\/wp\/v2\/posts"}],"about":[{"href":"http:\/\/www.muricionline.com.br\/novo\/index.php?rest_route=\/wp\/v2\/types\/post"}],"author":[{"embeddable":true,"href":"http:\/\/www.muricionline.com.br\/novo\/index.php?rest_route=\/wp\/v2\/users\/1"}],"replies":[{"embeddable":true,"href":"http:\/\/www.muricionline.com.br\/novo\/index.php?rest_route=%2Fwp%2Fv2%2Fcomments&post=7135"}],"version-history":[{"count":2,"href":"http:\/\/www.muricionline.com.br\/novo\/index.php?rest_route=\/wp\/v2\/posts\/7135\/revisions"}],"predecessor-version":[{"id":7138,"href":"http:\/\/www.muricionline.com.br\/novo\/index.php?rest_route=\/wp\/v2\/posts\/7135\/revisions\/7138"}],"wp:featuredmedia":[{"embeddable":true,"href":"http:\/\/www.muricionline.com.br\/novo\/index.php?rest_route=\/wp\/v2\/media\/7137"}],"wp:attachment":[{"href":"http:\/\/www.muricionline.com.br\/novo\/index.php?rest_route=%2Fwp%2Fv2%2Fmedia&parent=7135"}],"wp:term":[{"taxonomy":"category","embeddable":true,"href":"http:\/\/www.muricionline.com.br\/novo\/index.php?rest_route=%2Fwp%2Fv2%2Fcategories&post=7135"},{"taxonomy":"post_tag","embeddable":true,"href":"http:\/\/www.muricionline.com.br\/novo\/index.php?rest_route=%2Fwp%2Fv2%2Ftags&post=7135"}],"curies":[{"name":"wp","href":"https:\/\/api.w.org\/{rel}","templated":true}]}}