{"id":7139,"date":"2017-11-06T06:33:16","date_gmt":"2017-11-06T09:33:16","guid":{"rendered":"http:\/\/www.muricionline.com.br\/novo\/?p=7139"},"modified":"2017-11-06T06:37:50","modified_gmt":"2017-11-06T09:37:50","slug":"governador-participa-de-missa-e-exalta-exemplo-de-vida-de-frei-damiao","status":"publish","type":"post","link":"http:\/\/www.muricionline.com.br\/novo\/?p=7139","title":{"rendered":"Governador participa de missa e exalta exemplo de vida de Frei Dami\u00e3o"},"content":{"rendered":"<p>Milhares de fi\u00e9is participaram, na tarde deste domingo (5), da missa em homenagem ao anivers\u00e1rio de nascimento de Frei Dami\u00e3o, realizada no distrito de Canaf\u00edstula de Frei Dami\u00e3o, Palmeira dos \u00cdndios. O governador Renan Filho prestigiou a celebra\u00e7\u00e3o religiosa.<\/p>\n<div class=\"itemBody\">\n<div class=\"itemFullText\">\n<p>&nbsp;<\/p>\n<p>&#8220;Fiquei muito feliz de vir a Palmeira dos \u00cdndios, a Canaf\u00edstula de Frei Dami\u00e3o, onde pude renovar as esperan\u00e7as, impulsionado pela f\u00e9 do povo alagoano e do povo nordestino, que vem aqui para celebrar o anivers\u00e1rio de Frei Dami\u00e3o, uma figura religiosa muito forte em sua bondade, em seu exemplo de vida e na sua forma simples de viver&#8221;, disse o governador.<\/p>\n<p><img decoding=\"async\" src=\"http:\/\/www.agenciaalagoas.al.gov.br\/images\/NOTICIAS_2017\/11_NOVEMBRO\/semana_01\/2017-11-05-PHOTO-00000126.jpg\" alt=\"\"><\/p>\n<p>Frei Dami\u00e3o, nascido Pio Giannotti, foi um frade italiano radicado no Brasil, integrante da Ordem dos Capuchinhos. Durante 66 anos, peregrinou por diversas cidades do Nordeste brasileiro. Nasceu em 5 de novembro 1898, em Bozzano, na Toscana, e faleceu em 31 de maio de 1997, aos 98 anos de idade.<\/p>\n<p>&nbsp;<\/p>\n<p>Todos os anos, milhares de fi\u00e9is, procedentes de v\u00e1rios munic\u00edpios alagoanos, e at\u00e9 de outros Estados, comparecem a Canaf\u00edstula para rezar e agradecer ao religioso por gra\u00e7as alcan\u00e7adas. Muitos o consideram santo e, enquanto esteve vivo, sucessor de Padre C\u00edcero.<\/p>\n<p>&nbsp;<\/p>\n<p>&#8220;Lembro dele quando eu ainda era crian\u00e7a l\u00e1 em Oliven\u00e7a. Naquele ano, estava uma seca muito grande no Sert\u00e3o e s\u00f3 com a presen\u00e7a dele as nuvens ficaram carregadas e choveu&#8221;, recorda dona Maria Jos\u00e9 dos Santos, 79 anos, que hoje mora em Teot\u00f4nio Vilela.<\/p>\n<p><img decoding=\"async\" src=\"http:\/\/www.agenciaalagoas.al.gov.br\/images\/NOTICIAS_2017\/11_NOVEMBRO\/semana_01\/2017-11-05-PHOTO-00000114.jpg\" alt=\"\"><\/p>\n<p>&#8220;Eu j\u00e1 perdi a quantidade de vezes em que estive aqui em Canaf\u00edstula de Frei Dami\u00e3o. S\u00f3 para Juazeiro do Padre C\u00edcero j\u00e1 viajei 56 vezes. Teve ano de eu ir quatro vezes&#8221;, disse a devota.<\/p>\n<p>&nbsp;<\/p>\n<p>Renan Filho esteve acompanhado pelos secret\u00e1rios de Estado do Meio Ambiente e Recursos H\u00eddricos, Alexandre Ayres, e do Desenvolvimento Econ\u00f4mico e Turismo, Rafael Brito. Eles foram recebidos pelo prefeito de Palmeira dos \u00cdndios, J\u00falio Cezar, e pelo ex-deputado federal Ant\u00f4nio Ferreira, presidente da Associa\u00e7\u00e3o Beneficente Frei Dami\u00e3o.<\/p>\n<\/div>\n<\/div>\n<p>O ministro do Turismo, Marx Beltr\u00e3o, o deputado estadual Edval Gaia e o prefeito de Igaci, Oliveiro Pianc\u00f3, tamb\u00e9m prestigiaram a celebra\u00e7\u00e3o. Este ano, a prefeitura apoiou a realiza\u00e7\u00e3o do evento religioso.<\/p>\n<p>&nbsp;<\/p>\n<p>Com Ag\u00eancia Alagoas&nbsp;<\/p>\n<p>Fotos: Marcio Ferreira e Luiz Siqueira<\/p>\n<div class=\"itemBody\">\n<div class=\"itemFullText\">\n<p>&nbsp;<\/p>\n<p>&nbsp;<\/p>\n<\/div>\n<\/div>\n<span style=\"clear:both;display:none;\"><img src=\"http:\/\/www.muricionline.com.br\/novo\/wp-content\/plugins\/wp-spamfree\/img\/wpsf-img.php\" width=\"0\" height=\"0\" alt=\"\" style=\"border-style:none;width:0px;height:0px;display:none;\" \/><\/span>","protected":false},"excerpt":{"rendered":"<p>Milhares de fi\u00e9is participaram, na tarde deste domingo (5), da missa em homenagem ao anivers\u00e1rio de nascimento de Frei Dami\u00e3o, realizada no distrito de Canaf\u00edstula de Frei Dami\u00e3o, Palmeira dos \u00cdndios. O governador Renan Filho prestigiou a celebra\u00e7\u00e3o religiosa. &nbsp; &#8220;Fiquei muito feliz de vir a Palmeira dos \u00cdndios, a Canaf\u00edstula de Frei Dami\u00e3o, onde&#8230;<\/p>\n","protected":false},"author":1,"featured_media":7141,"comment_status":"open","ping_status":"open","sticky":false,"template":"","format":"standard","meta":{"footnotes":""},"categories":[1],"tags":[5],"_links":{"self":[{"href":"http:\/\/www.muricionline.com.br\/novo\/index.php?rest_route=\/wp\/v2\/posts\/7139"}],"collection":[{"href":"http:\/\/www.muricionline.com.br\/novo\/index.php?rest_route=\/wp\/v2\/posts"}],"about":[{"href":"http:\/\/www.muricionline.com.br\/novo\/index.php?rest_route=\/wp\/v2\/types\/post"}],"author":[{"embeddable":true,"href":"http:\/\/www.muricionline.com.br\/novo\/index.php?rest_route=\/wp\/v2\/users\/1"}],"replies":[{"embeddable":true,"href":"http:\/\/www.muricionline.com.br\/novo\/index.php?rest_route=%2Fwp%2Fv2%2Fcomments&post=7139"}],"version-history":[{"count":2,"href":"http:\/\/www.muricionline.com.br\/novo\/index.php?rest_route=\/wp\/v2\/posts\/7139\/revisions"}],"predecessor-version":[{"id":7142,"href":"http:\/\/www.muricionline.com.br\/novo\/index.php?rest_route=\/wp\/v2\/posts\/7139\/revisions\/7142"}],"wp:featuredmedia":[{"embeddable":true,"href":"http:\/\/www.muricionline.com.br\/novo\/index.php?rest_route=\/wp\/v2\/media\/7141"}],"wp:attachment":[{"href":"http:\/\/www.muricionline.com.br\/novo\/index.php?rest_route=%2Fwp%2Fv2%2Fmedia&parent=7139"}],"wp:term":[{"taxonomy":"category","embeddable":true,"href":"http:\/\/www.muricionline.com.br\/novo\/index.php?rest_route=%2Fwp%2Fv2%2Fcategories&post=7139"},{"taxonomy":"post_tag","embeddable":true,"href":"http:\/\/www.muricionline.com.br\/novo\/index.php?rest_route=%2Fwp%2Fv2%2Ftags&post=7139"}],"curies":[{"name":"wp","href":"https:\/\/api.w.org\/{rel}","templated":true}]}}