{"id":7143,"date":"2017-11-06T17:15:14","date_gmt":"2017-11-06T20:15:14","guid":{"rendered":"http:\/\/www.muricionline.com.br\/novo\/?p=7143"},"modified":"2017-11-06T17:15:14","modified_gmt":"2017-11-06T20:15:14","slug":"governador-assina-ordem-de-servico-para-ampliacao-do-centro-de-convencoes","status":"publish","type":"post","link":"http:\/\/www.muricionline.com.br\/novo\/?p=7143","title":{"rendered":"Governador assina ordem de servi\u00e7o para amplia\u00e7\u00e3o do Centro de Conven\u00e7\u00f5es"},"content":{"rendered":"<p>Para fomentar o turismo de neg\u00f3cios na capital alagoana, o governador Renan Filho, o secret\u00e1rio de Estado do Desenvolvimento Econ\u00f4mico, Rafael Brito, e o secret\u00e1rio de Estado da Infraestrutura, Humberto Carvalho, assinam, nesta ter\u00e7a-feira (7), a ordem de servi\u00e7o para amplia\u00e7\u00e3o do Centro Cultural e de Exposi\u00e7\u00f5es Ruth Cardoso, em Jaragu\u00e1, Macei\u00f3. A solenidade ser\u00e1 \u00e0s 10h, no sal\u00e3o de despachos do Pal\u00e1cio Rep\u00fablica dos Palmares.<\/p>\n<div class=\"itemBody\">\n<div class=\"itemFullText\">\n<p>&nbsp;<\/p>\n<p>Coordenado pela Secretaria de Estado da Infraestrutura (Seinfra), o projeto \u00e9 avaliado em R$ 16,8 milh\u00f5es &#8211; repassados pelo Minist\u00e9rio do Turismo (MTur) para a Secretaria de Estado do Desenvolvimento Econ\u00f4mico e Turismo (Sedetur). O projeto prev\u00ea a constru\u00e7\u00e3o de um novo audit\u00f3rio, com capacidade para mil lugares, tr\u00eas salas especiais e mais 226 vagas de estacionamento. As interven\u00e7\u00f5es correspondem ao acr\u00e9scimo de 7 mil m\u00b2 de \u00e1rea com funcionalidade no empreendimento.<\/p>\n<p>&nbsp;<\/p>\n<p>A obra, conduzida pela Seinfra, tem prazo de 18 meses para conclus\u00e3o, com entrega prevista para maio de 2019. Depois de conclu\u00edda, ser\u00e1 gerenciada pela Sedetur, \u00f3rg\u00e3o respons\u00e1vel pela administra\u00e7\u00e3o do Centro de Conven\u00e7\u00f5es.<\/p>\n<p>&nbsp;<\/p>\n<\/div>\n<p>Com Ag\u00eancia Alagoas&nbsp;<\/p>\n<\/div>\n<span style=\"clear:both;display:none;\"><img src=\"http:\/\/www.muricionline.com.br\/novo\/wp-content\/plugins\/wp-spamfree\/img\/wpsf-img.php\" width=\"0\" height=\"0\" alt=\"\" style=\"border-style:none;width:0px;height:0px;display:none;\" \/><\/span>","protected":false},"excerpt":{"rendered":"<p>Para fomentar o turismo de neg\u00f3cios na capital alagoana, o governador Renan Filho, o secret\u00e1rio de Estado do Desenvolvimento Econ\u00f4mico, Rafael Brito, e o secret\u00e1rio de Estado da Infraestrutura, Humberto Carvalho, assinam, nesta ter\u00e7a-feira (7), a ordem de servi\u00e7o para amplia\u00e7\u00e3o do Centro Cultural e de Exposi\u00e7\u00f5es Ruth Cardoso, em Jaragu\u00e1, Macei\u00f3. A solenidade ser\u00e1&#8230;<\/p>\n","protected":false},"author":1,"featured_media":7144,"comment_status":"open","ping_status":"open","sticky":false,"template":"","format":"standard","meta":{"footnotes":""},"categories":[1],"tags":[5],"_links":{"self":[{"href":"http:\/\/www.muricionline.com.br\/novo\/index.php?rest_route=\/wp\/v2\/posts\/7143"}],"collection":[{"href":"http:\/\/www.muricionline.com.br\/novo\/index.php?rest_route=\/wp\/v2\/posts"}],"about":[{"href":"http:\/\/www.muricionline.com.br\/novo\/index.php?rest_route=\/wp\/v2\/types\/post"}],"author":[{"embeddable":true,"href":"http:\/\/www.muricionline.com.br\/novo\/index.php?rest_route=\/wp\/v2\/users\/1"}],"replies":[{"embeddable":true,"href":"http:\/\/www.muricionline.com.br\/novo\/index.php?rest_route=%2Fwp%2Fv2%2Fcomments&post=7143"}],"version-history":[{"count":1,"href":"http:\/\/www.muricionline.com.br\/novo\/index.php?rest_route=\/wp\/v2\/posts\/7143\/revisions"}],"predecessor-version":[{"id":7145,"href":"http:\/\/www.muricionline.com.br\/novo\/index.php?rest_route=\/wp\/v2\/posts\/7143\/revisions\/7145"}],"wp:featuredmedia":[{"embeddable":true,"href":"http:\/\/www.muricionline.com.br\/novo\/index.php?rest_route=\/wp\/v2\/media\/7144"}],"wp:attachment":[{"href":"http:\/\/www.muricionline.com.br\/novo\/index.php?rest_route=%2Fwp%2Fv2%2Fmedia&parent=7143"}],"wp:term":[{"taxonomy":"category","embeddable":true,"href":"http:\/\/www.muricionline.com.br\/novo\/index.php?rest_route=%2Fwp%2Fv2%2Fcategories&post=7143"},{"taxonomy":"post_tag","embeddable":true,"href":"http:\/\/www.muricionline.com.br\/novo\/index.php?rest_route=%2Fwp%2Fv2%2Ftags&post=7143"}],"curies":[{"name":"wp","href":"https:\/\/api.w.org\/{rel}","templated":true}]}}