{"id":7146,"date":"2017-11-06T17:26:15","date_gmt":"2017-11-06T20:26:15","guid":{"rendered":"http:\/\/www.muricionline.com.br\/novo\/?p=7146"},"modified":"2017-11-06T17:26:15","modified_gmt":"2017-11-06T20:26:15","slug":"prefeito-da-laje-rodrigo-de-neno-se-filia-ao-prtb-e-deve-disputar-vaga-em-2018","status":"publish","type":"post","link":"http:\/\/www.muricionline.com.br\/novo\/?p=7146","title":{"rendered":"Prefeito da Laje, Rodrigo de Neno se filia ao PRTB e deve disputar vaga em 2018"},"content":{"rendered":"<p>Rodrigo \u00e9 um dos nomes que deve \u2013 se n\u00e3o houver mudan\u00e7as de planos \u2013 compor a chapa de deputado federal que est\u00e1 sendo costurada pelo presidente do partido em Alagoas, o \u2018mestre\u201d das coliga\u00e7\u00f5es Adeilson Bezerra.<\/p>\n<p class=\"lead\">\nBem avaliado em seu munic\u00edpio, o prefeito aparece bem nas pesquisas na regi\u00e3o da mata, mas ainda \u00e9 pouco conhecido no restante do estado. Apesar disso, o nome dele \u00e9 uma das grandes apostas da chapa de federal que est\u00e1 sendo articulada a partir do PRTB.<\/p>\n<p>Bezerra continua convencido de que poder\u00e1 repetir o desempenho de 2014, quando o PRTB elegeu tr\u00eas deputados estaduais e um federal em Alagoas \u2013 o \u00fanico federal da legenda em todo o pa\u00eds.<\/p>\n<p>Alguns outros nomes podem compor a chapa, a saber: Val Am\u00e9lio, Aderval Ten\u00f3rio, Dorgi do Queijo e Dudu Albuquerque.<\/p>\n<p>\u201cD\u00e1 para fazer de um a dois federais. Para isso estamos avaliando fechar coliga\u00e7\u00e3o com um \u2018puxador\u2019 de votos\u201d, aponta Bezerra.<\/p>\n<p class=\"lead\">\n<p>Com Edivaldo Junior &#8211; Gazetaweb.com<\/p>\n<span style=\"clear:both;display:none;\"><img src=\"http:\/\/www.muricionline.com.br\/novo\/wp-content\/plugins\/wp-spamfree\/img\/wpsf-img.php\" width=\"0\" height=\"0\" alt=\"\" style=\"border-style:none;width:0px;height:0px;display:none;\" \/><\/span>","protected":false},"excerpt":{"rendered":"<p>Rodrigo \u00e9 um dos nomes que deve \u2013 se n\u00e3o houver mudan\u00e7as de planos \u2013 compor a chapa de deputado federal que est\u00e1 sendo costurada pelo presidente do partido em Alagoas, o \u2018mestre\u201d das coliga\u00e7\u00f5es Adeilson Bezerra. Bem avaliado em seu munic\u00edpio, o prefeito aparece bem nas pesquisas na regi\u00e3o da mata, mas ainda \u00e9&#8230;<\/p>\n","protected":false},"author":1,"featured_media":7147,"comment_status":"open","ping_status":"open","sticky":false,"template":"","format":"standard","meta":{"footnotes":""},"categories":[1],"tags":[5],"_links":{"self":[{"href":"http:\/\/www.muricionline.com.br\/novo\/index.php?rest_route=\/wp\/v2\/posts\/7146"}],"collection":[{"href":"http:\/\/www.muricionline.com.br\/novo\/index.php?rest_route=\/wp\/v2\/posts"}],"about":[{"href":"http:\/\/www.muricionline.com.br\/novo\/index.php?rest_route=\/wp\/v2\/types\/post"}],"author":[{"embeddable":true,"href":"http:\/\/www.muricionline.com.br\/novo\/index.php?rest_route=\/wp\/v2\/users\/1"}],"replies":[{"embeddable":true,"href":"http:\/\/www.muricionline.com.br\/novo\/index.php?rest_route=%2Fwp%2Fv2%2Fcomments&post=7146"}],"version-history":[{"count":1,"href":"http:\/\/www.muricionline.com.br\/novo\/index.php?rest_route=\/wp\/v2\/posts\/7146\/revisions"}],"predecessor-version":[{"id":7148,"href":"http:\/\/www.muricionline.com.br\/novo\/index.php?rest_route=\/wp\/v2\/posts\/7146\/revisions\/7148"}],"wp:featuredmedia":[{"embeddable":true,"href":"http:\/\/www.muricionline.com.br\/novo\/index.php?rest_route=\/wp\/v2\/media\/7147"}],"wp:attachment":[{"href":"http:\/\/www.muricionline.com.br\/novo\/index.php?rest_route=%2Fwp%2Fv2%2Fmedia&parent=7146"}],"wp:term":[{"taxonomy":"category","embeddable":true,"href":"http:\/\/www.muricionline.com.br\/novo\/index.php?rest_route=%2Fwp%2Fv2%2Fcategories&post=7146"},{"taxonomy":"post_tag","embeddable":true,"href":"http:\/\/www.muricionline.com.br\/novo\/index.php?rest_route=%2Fwp%2Fv2%2Ftags&post=7146"}],"curies":[{"name":"wp","href":"https:\/\/api.w.org\/{rel}","templated":true}]}}